{"id":232,"date":"2022-12-08T23:01:27","date_gmt":"2022-12-08T23:01:27","guid":{"rendered":"https:\/\/www.modore.com.mx\/blog\/?p=232"},"modified":"2022-12-08T23:17:56","modified_gmt":"2022-12-08T23:17:56","slug":"economia-verde","status":"publish","type":"post","link":"https:\/\/www.modore.com.mx\/blog\/economia-verde\/","title":{"rendered":"Econom\u00eda verde: \u00bfqu\u00e9 es y por qu\u00e9 las empresas deber\u00edan implementar este modelo?"},"content":{"rendered":"<p><span style=\"font-weight: 400;\">La explotaci\u00f3n de los recursos naturales en la que se basa el sistema econ\u00f3mico mundial ha generado problemas ambientales en la actualidad que ponen en riesgo el sustento de futuras generaciones (1). A la <\/span><b>crisis clim\u00e1tica<\/b><span style=\"font-weight: 400;\"> se suman la desigualdad y la concentraci\u00f3n de riqueza, que a su vez desencadenan pobreza y subdesarrollo en algunas regiones del mundo.\u00a0<\/span><\/p>\n<p><span style=\"font-weight: 400;\">Con el fin de dar una soluci\u00f3n a estos problemas, <\/span><b>el Programa de las Naciones Unidas para el Medio Ambiente (PNUMA) sent\u00f3 las bases para el surgimiento de un nuevo modelo en favor del medio ambiente y que reduzca la desigualdad: la econom\u00eda verde. <\/b><span style=\"font-weight: 400;\">Establecida en 2009, la econom\u00eda verde es un conjunto de actividades cuyo objetivo es aminorar los riesgos ambientales y la escasez de recursos (1).<\/span><\/p>\n<p><span style=\"font-weight: 400;\">En el siguiente art\u00edculo te explicamos qu\u00e9 es y por qu\u00e9 deber\u00edamos incorporarla en nuestras vidas.<\/span><\/p>\n<p>&nbsp;<\/p>\n<p><span style=\"color: #ffffff; background-color: #0001a9;\"><strong> TABLA DE CONTENIDO <\/strong><\/span><\/p>\n<ul>\n<li><a href=\"#que-es\">\u00bfQu\u00e9 es una econom\u00eda verde?<\/a>\n<ul>\n<li><a href=\"#importancia\">Importancia y beneficios<\/a><\/li>\n<\/ul>\n<\/li>\n<li><a href=\"#como\">\u00bfC\u00f3mo fomentar la econom\u00eda verde dentro de tu empresa?<\/a><\/li>\n<\/ul>\n<p><a id=\"que-es\"><\/a>&nbsp;<\/p>\n<h2><span style=\"color: #0001a9;\"><b>\u00bfQu\u00e9 es una econom\u00eda verde?<\/b><\/span><\/h2>\n<p><span style=\"font-weight: 400;\">Tambi\u00e9n conocida como <\/span><b>econom\u00eda ecol\u00f3gica<\/b><span style=\"font-weight: 400;\">, se trata de<\/span> <span style=\"font-weight: 400;\">un<\/span><b> sistema de actividades econ\u00f3micas relacionadas con la producci\u00f3n, distribuci\u00f3n y consumo de bienes y servicios que resulta en mejoras del bienestar humano en el largo plazo<\/b><span style=\"font-weight: 400;\">, sin exponer a las generaciones futuras a riesgos ambientales y escasez ecol\u00f3gica (1).<\/span><\/p>\n<p><img loading=\"lazy\" class=\"aligncenter wp-image-123 size-full\" src=\"https:\/\/www.modore.com.mx\/blog\/wp-content\/uploads\/2022\/08\/franja-superior.jpg\" alt=\"\" width=\"360\" height=\"10\" srcset=\"https:\/\/www.modore.com.mx\/blog\/wp-content\/uploads\/2022\/08\/franja-superior.jpg 360w, https:\/\/www.modore.com.mx\/blog\/wp-content\/uploads\/2022\/08\/franja-superior-300x8.jpg 300w\" sizes=\"(max-width: 360px) 100vw, 360px\" \/><\/p>\n<p style=\"text-align: center;\"><span style=\"color: #03aeff; font-size: 18pt;\"><b>El concepto de \u201ceconom\u00eda verde\u201d se introdujo en 1989 en el libro del fil\u00f3sofo brit\u00e1nico David Pearce, Blueprint for a Green Economy, e impulsa pol\u00edticas para alcanzar el desarrollo sostenible (1).<\/b><\/span><\/p>\n<p><img loading=\"lazy\" class=\"aligncenter wp-image-124 size-full\" src=\"https:\/\/www.modore.com.mx\/blog\/wp-content\/uploads\/2022\/08\/franja-inferior.jpg\" alt=\"\" width=\"360\" height=\"10\" srcset=\"https:\/\/www.modore.com.mx\/blog\/wp-content\/uploads\/2022\/08\/franja-inferior.jpg 360w, https:\/\/www.modore.com.mx\/blog\/wp-content\/uploads\/2022\/08\/franja-inferior-300x8.jpg 300w\" sizes=\"(max-width: 360px) 100vw, 360px\" \/><\/p>\n<p><span style=\"font-weight: 400;\">En contraste con otros sistemas de producci\u00f3n, <\/span><b>la econom\u00eda verde se caracteriza por perseguir los siguientes objetivos<\/b><span style=\"font-weight: 400;\"> (1):<\/span><\/p>\n<ul>\n<li style=\"font-weight: 400;\" aria-level=\"1\"><span style=\"font-weight: 400;\">Mejorar el bienestar del ser humano y la equidad social.<\/span><\/li>\n<li style=\"font-weight: 400;\" aria-level=\"1\"><span style=\"font-weight: 400;\">Aminorar los riesgos ambientales y la escasez.<\/span><\/li>\n<li style=\"font-weight: 400;\" aria-level=\"1\"><span style=\"font-weight: 400;\">Reducir las emisiones de carbono.\u00a0<\/span><\/li>\n<li style=\"font-weight: 400;\" aria-level=\"1\"><span style=\"font-weight: 400;\">Utilizar los recursos naturales de forma eficiente.<\/span><\/li>\n<li style=\"font-weight: 400;\" aria-level=\"1\"><span style=\"font-weight: 400;\">Ser incluyentes socialmente\u00a0<\/span><\/li>\n<li style=\"font-weight: 400;\" aria-level=\"1\"><span style=\"font-weight: 400;\">Aumentar los ingresos y la creaci\u00f3n de empleos gracias a inversiones p\u00fablicas y privadas de empresas verdes.<\/span><\/li>\n<li style=\"font-weight: 400;\" aria-level=\"1\"><span style=\"font-weight: 400;\">Promover la eficiencia energ\u00e9tica y el uso de recursos naturales.<\/span><\/li>\n<li style=\"font-weight: 400;\" aria-level=\"1\"><span style=\"font-weight: 400;\">Evitar la p\u00e9rdida de diversidad biol\u00f3gica en los ecosistemas.<\/span><\/li>\n<\/ul>\n<p><span style=\"font-weight: 400;\">La econom\u00eda verde es una gran oportunidad para las empresas porque genera crecimiento econ\u00f3mico para las marcas y fomenta una relaci\u00f3n positiva entre el medio ambiente y los seres humanos (2).<\/span><\/p>\n<p><b>Este modelo econ\u00f3mico incentiva el uso de tecnolog\u00edas y pr\u00e1cticas con bajas emisiones de carbono e impulsa a las empresas para que alcancen sus objetivos de desarrollo sostenible<\/b><span style=\"font-weight: 400;\">.<\/span><b>\u00a0<\/b><\/p>\n<p><span style=\"font-weight: 400;\">Entre las acciones de la econom\u00eda verde destacan la reutilizaci\u00f3n de los pl\u00e1sticos, medida en la que cada vez m\u00e1s empresas enfocan sus esfuerzos: <\/span><a href=\"https:\/\/www.modore.com.mx\/\" target=\"_blank\" rel=\"noopener\"><span style=\"font-weight: 400;\">Modo Re<\/span><\/a><span style=\"font-weight: 400;\"> es un ejemplo de ello. <\/span><b>REcuperamos, REutilizamos y REllenamos los envases de marcas predilectas, tanto de consumidores como empresas, con el fin de disminuir nuestra huella ambiental<\/b><span style=\"font-weight: 400;\">, reduciendo la producci\u00f3n de pl\u00e1stico (o de cualquier otro material) y alargando la vida \u00fatil de nuestros envases.<\/span><\/p>\n<div id=\"attachment_235\" style=\"width: 810px\" class=\"wp-caption aligncenter\"><img aria-describedby=\"caption-attachment-235\" loading=\"lazy\" class=\"wp-image-235 size-full\" src=\"https:\/\/www.modore.com.mx\/blog\/wp-content\/uploads\/2022\/12\/economia-verde-4.webp\" alt=\"Econom\u00eda verde Modo Re\" width=\"800\" height=\"520\" srcset=\"https:\/\/www.modore.com.mx\/blog\/wp-content\/uploads\/2022\/12\/economia-verde-4.webp 800w, https:\/\/www.modore.com.mx\/blog\/wp-content\/uploads\/2022\/12\/economia-verde-4-300x195.webp 300w, https:\/\/www.modore.com.mx\/blog\/wp-content\/uploads\/2022\/12\/economia-verde-4-768x499.webp 768w\" sizes=\"(max-width: 800px) 100vw, 800px\" \/><p id=\"caption-attachment-235\" class=\"wp-caption-text\">La principal caracter\u00edstica de la econom\u00eda verde es que promueve el desarrollo sostenible a escala mundial, en contraste con la econom\u00eda circular que es una estrategia de desarrollo regenerativo.<\/p><\/div>\n<div class=\"mceTemp\"><\/div>\n<p><a id=\"importancia\"><\/a>&nbsp;<\/p>\n<h3><span style=\"color: #008d8d;\"><b>Importancia y beneficios<\/b><\/span><\/h3>\n<p><span style=\"font-weight: 400;\">Sabemos que el beneficio principal de aplicar el crecimiento verde es el bienestar global. Pero de forma m\u00e1s detallada, el art\u00edculo<\/span> <a href=\"https:\/\/www.bancomundial.org\/es\/news\/feature\/2018\/12\/10\/crecimiento-verde-que-te-quiero-verde\" target=\"_blank\" rel=\"nofollow noopener noreferrer\"><b>Crecimiento: verde que te quiero verde<\/b><\/a><span style=\"font-weight: 400;\"> del Banco Mundial explica cada ventaja de esta alternativa de modelo econ\u00f3mico.\u00a0<\/span><\/p>\n<h4><span style=\"font-weight: 400; color: #008d8d;\">Impacto en las \u00e1reas m\u00e1s afectadas por el cambio clim\u00e1tico<\/span><\/h4>\n<p><span style=\"font-weight: 400;\">El desarrollo y aplicaci\u00f3n de pol\u00edticas de crecimiento verde asegura la <\/span><b>protecci\u00f3n de la poblaci\u00f3n y del capital natural<\/b><span style=\"font-weight: 400;\">. Por ejemplo, un manejo \u00f3ptimo de las tierras permite proteger a quienes viven m\u00e1s cerca de zonas proclives a las inundaciones.<\/span><\/p>\n<p><img loading=\"lazy\" class=\"aligncenter wp-image-123 size-full\" src=\"https:\/\/www.modore.com.mx\/blog\/wp-content\/uploads\/2022\/08\/franja-superior.jpg\" alt=\"\" width=\"360\" height=\"10\" srcset=\"https:\/\/www.modore.com.mx\/blog\/wp-content\/uploads\/2022\/08\/franja-superior.jpg 360w, https:\/\/www.modore.com.mx\/blog\/wp-content\/uploads\/2022\/08\/franja-superior-300x8.jpg 300w\" sizes=\"(max-width: 360px) 100vw, 360px\" \/><\/p>\n<p style=\"text-align: center;\"><span style=\"color: #03aeff; font-size: 18pt;\"><b>En 1980 la superficie boscosa de Costa Rica se redujo de 75% a 21% por la expansi\u00f3n ganadera y de transportes, provocando inundaciones, erosi\u00f3n del suelo y escasez energ\u00e9tica. Pero en 1990, una estrategia de crecimiento verde contrarrest\u00f3 significativamente los fen\u00f3menos clim\u00e1ticos extremos.<\/b><\/span><\/p>\n<p><img loading=\"lazy\" class=\"aligncenter wp-image-124 size-full\" src=\"https:\/\/www.modore.com.mx\/blog\/wp-content\/uploads\/2022\/08\/franja-inferior.jpg\" alt=\"\" width=\"360\" height=\"10\" srcset=\"https:\/\/www.modore.com.mx\/blog\/wp-content\/uploads\/2022\/08\/franja-inferior.jpg 360w, https:\/\/www.modore.com.mx\/blog\/wp-content\/uploads\/2022\/08\/franja-inferior-300x8.jpg 300w\" sizes=\"(max-width: 360px) 100vw, 360px\" \/><\/p>\n<h4><span style=\"font-weight: 400; color: #008d8d;\">Impacto econ\u00f3mico para comerciantes y empresarios locales<\/span><\/h4>\n<p><span style=\"font-weight: 400;\">Existen m\u00faltiples oportunidades econ\u00f3micas a partir de la implementaci\u00f3n del crecimiento sustentable. Est\u00e1 comprobado que <\/span><b>con el establecimiento de pol\u00edticas amigables con el medio ambiente, la cantidad de turistas en las localidades aumenta dram\u00e1ticamente<\/b><span style=\"font-weight: 400;\">, algo de suma importancia pues <\/span><b>la industria tur\u00edstica representa gran parte del PIB de muchos pa\u00edses en Latinoam\u00e9rica<\/b><span style=\"font-weight: 400;\">.\u00a0<\/span><\/p>\n<p><span style=\"font-weight: 400;\">Adem\u00e1s, esto genera industrias que compiten por la calidad, y a su vez la generaci\u00f3n de empleos bien pagados. Adem\u00e1s,<\/span><b> la generaci\u00f3n de empleos verdes reduce el impacto ambiental y, de forma econ\u00f3mica, aumenta la eficiencia en el consumo de recursos naturales <\/b><span style=\"font-weight: 400;\">como energ\u00eda, materias primas y agua. Adem\u00e1s, reduce las emisiones de gases de efecto invernadero (3).<\/span><\/p>\n<p><img loading=\"lazy\" class=\"aligncenter wp-image-123 size-full\" src=\"https:\/\/www.modore.com.mx\/blog\/wp-content\/uploads\/2022\/08\/franja-superior.jpg\" alt=\"\" width=\"360\" height=\"10\" srcset=\"https:\/\/www.modore.com.mx\/blog\/wp-content\/uploads\/2022\/08\/franja-superior.jpg 360w, https:\/\/www.modore.com.mx\/blog\/wp-content\/uploads\/2022\/08\/franja-superior-300x8.jpg 300w\" sizes=\"(max-width: 360px) 100vw, 360px\" \/><\/p>\n<p style=\"text-align: center;\"><span style=\"color: #03aeff; font-size: 18pt;\"><b>Seg\u00fan el reporte de Contribuciones determinadas a nivel nacional (NDC, por sus siglas en ingl\u00e9s), elaborado en 2020 por las Naciones Unidas, M\u00e9xico emiti\u00f3 804 millones de toneladas de di\u00f3xido de carbono, es decir, 1.3% de las emisiones globales (4).<\/b><\/span><\/p>\n<p><img loading=\"lazy\" class=\"aligncenter wp-image-124 size-full\" src=\"https:\/\/www.modore.com.mx\/blog\/wp-content\/uploads\/2022\/08\/franja-inferior.jpg\" alt=\"\" width=\"360\" height=\"10\" srcset=\"https:\/\/www.modore.com.mx\/blog\/wp-content\/uploads\/2022\/08\/franja-inferior.jpg 360w, https:\/\/www.modore.com.mx\/blog\/wp-content\/uploads\/2022\/08\/franja-inferior-300x8.jpg 300w\" sizes=\"(max-width: 360px) 100vw, 360px\" \/><\/p>\n<p><span style=\"font-weight: 400;\">En el caso de la agricultura, las pol\u00edticas que permitan un desarrollo verde de los suelos obtienen mayores ingresos de los peque\u00f1os agricultores.<\/span><\/p>\n<h4><span style=\"font-weight: 400; color: #008d8d;\">Papel e importancia de la sociedad civil\u00a0<\/span><\/h4>\n<p><span style=\"font-weight: 400;\">Una <\/span><b>sociedad civil activa es esencial en la econom\u00eda verde, pues la demanda de pol\u00edticas m\u00e1s sustentables acelera el debate en las esferas pol\u00edticas<\/b><span style=\"font-weight: 400;\">. Se trata de un desaf\u00edo colaborativo entre la poblaci\u00f3n y la clase dirigente, para seleccionar las prioridades y balancear el impacto local inmediato con el mediano y largo plazo (y las oportunidades a futuro). Para esto, ser\u00e1 necesario que los pa\u00edses innoven, creen nuevos mercados y desarrollen nuevas industrias sin da\u00f1ar el capital natural disponible.<\/span><\/p>\n<p><span style=\"font-weight: 400;\">\u00bfEl reciclado de envases es una soluci\u00f3n a la crisis ambiental u otra forma m\u00e1s de contaminar? Desc\u00fabrelo en este <\/span><a href=\"https:\/\/www.modore.com.mx\/blog\/reciclado-de-envases\/\" target=\"_blank\" rel=\"noopener\"><span style=\"font-weight: 400;\">art\u00edculo<\/span><\/a><span style=\"font-weight: 400;\">.<\/span><\/p>\n<p><span style=\"font-weight: 400;\">La importancia de fomentar la econom\u00eda verde radica en promover el menor impacto de forma global, particularmente en las poblaciones en v\u00edas de desarrollo, poniendo especial \u00e9nfasis en temas como (5):<\/span><b>\u00a0<\/b><\/p>\n<ul>\n<li style=\"font-weight: 400;\" aria-level=\"1\"><span style=\"font-weight: 400;\">La crisis energ\u00e9tica y la escasez de agua.<\/span><\/li>\n<li style=\"font-weight: 400;\" aria-level=\"1\"><span style=\"font-weight: 400;\">El cambio clim\u00e1tico y los desastres naturales.<\/span><\/li>\n<li style=\"font-weight: 400;\" aria-level=\"1\"><span style=\"font-weight: 400;\">La volatilidad de los precios y las recesiones financieras.\u00a0<\/span><\/li>\n<li style=\"font-weight: 400;\" aria-level=\"1\"><span style=\"font-weight: 400;\">La crisis alimentaria y la especulaci\u00f3n de precios de los alimentos.\u00a0<\/span><\/li>\n<li style=\"font-weight: 400;\" aria-level=\"1\"><span style=\"font-weight: 400;\">Los patrones de producci\u00f3n y el consumo sostenible.<\/span><\/li>\n<\/ul>\n<p><span style=\"font-weight: 400;\">Por lo anterior, en marcas como <\/span><a href=\"https:\/\/www.modore.com.mx\/\" target=\"_blank\" rel=\"noopener\"><b>Modo Re<\/b><\/a><b> estamos comprometidos en buscar nuevas formas de consumo e invitamos a las empresas a sumarse a la econom\u00eda verde<\/b><span style=\"font-weight: 400;\">. Con <\/span><b>Modo Re<\/b><span style=\"font-weight: 400;\">, los clientes r<\/span><span style=\"font-weight: 400;\">eutilizan los envases y alargan la vida \u00fatil de ese recipiente para rellenarlo en nuestras m\u00e1quinas expendedoras<\/span><span style=\"font-weight: 400;\">.<\/span><\/p>\n<p><img loading=\"lazy\" class=\"aligncenter wp-image-234 size-full\" src=\"https:\/\/www.modore.com.mx\/blog\/wp-content\/uploads\/2022\/12\/economia-verde-2.webp\" alt=\"\" width=\"612\" height=\"427\" srcset=\"https:\/\/www.modore.com.mx\/blog\/wp-content\/uploads\/2022\/12\/economia-verde-2.webp 612w, https:\/\/www.modore.com.mx\/blog\/wp-content\/uploads\/2022\/12\/economia-verde-2-300x209.webp 300w\" sizes=\"(max-width: 612px) 100vw, 612px\" \/><\/p>\n<div id=\"attachment_236\" style=\"width: 810px\" class=\"wp-caption aligncenter\"><img aria-describedby=\"caption-attachment-236\" loading=\"lazy\" class=\"wp-image-236 size-full\" src=\"https:\/\/www.modore.com.mx\/blog\/wp-content\/uploads\/2022\/12\/economia-verde-1.webp\" alt=\"\" width=\"800\" height=\"600\" srcset=\"https:\/\/www.modore.com.mx\/blog\/wp-content\/uploads\/2022\/12\/economia-verde-1.webp 800w, https:\/\/www.modore.com.mx\/blog\/wp-content\/uploads\/2022\/12\/economia-verde-1-300x225.webp 300w, https:\/\/www.modore.com.mx\/blog\/wp-content\/uploads\/2022\/12\/economia-verde-1-768x576.webp 768w\" sizes=\"(max-width: 800px) 100vw, 800px\" \/><p id=\"caption-attachment-236\" class=\"wp-caption-text\">Diversas marcas que apoyan el desarrollo sostenible tambi\u00e9n promueven valores como la equidad y la justicia dentro de su entorno, para implementar en su totalidad la econom\u00eda verde. Foto: Greenpeace<\/p><\/div>\n<p><a id=\"como\"><\/a>&nbsp;<\/p>\n<h2><span style=\"color: #0001a9;\"><b>\u00bfC\u00f3mo fomentar la econom\u00eda verde dentro de tu empresa?<\/b><\/span><\/h2>\n<p><span style=\"font-weight: 400;\">Algunas empresas ya han comenzado una transici\u00f3n hacia la econom\u00eda verde en beneficio no solo de su marca, sino tambi\u00e9n de sus trabajadores, la sociedad y, por supuesto, del planeta. Si quieres comenzar a implementar estas acciones como empresa, en Modo Re te damos algunos consejos (6):<\/span><\/p>\n<ol>\n<li><b> Env\u00eda una mensaje claro<\/b><\/li>\n<\/ol>\n<p><span style=\"font-weight: 400;\">Las compa\u00f1\u00edas deben anunciar de forma clara que est\u00e1n en transici\u00f3n o en todo caso, est\u00e1n haciendo todo lo posible por ir hacia una econom\u00eda verde. Lo anterior env\u00eda una postura frente al cambio clim\u00e1tico y promueve acciones para el impulso de empleos, as\u00ed como competencias verdes.<\/span><\/p>\n<ol start=\"2\">\n<li><b> Que nadie quede rezagado: promueve el di\u00e1logo inclusivo<\/b><\/li>\n<\/ol>\n<p><span style=\"font-weight: 400;\">Es necesario prestar atenci\u00f3n a los sectores que tienen mayores probabilidades de verse afectados por los efectos de la econom\u00eda. Para evitarlo, lo primero que hay que hacer es generar acciones de inclusi\u00f3n.<\/span><\/p>\n<p><span style=\"font-weight: 400;\">Impulsar el di\u00e1logo social entre trabajadores, empleadores y la empresa es algo vital, no solo debe de estar en todos los niveles, tambi\u00e9n se deben buscar la formulaci\u00f3n de pol\u00edticas dentro del negocio, hasta su implementaci\u00f3n y resultados.<\/span><\/p>\n<ol start=\"3\">\n<li><b> Formula pol\u00edticas de crecimiento econ\u00f3mico<\/b><\/li>\n<\/ol>\n<p><span style=\"font-weight: 400;\">La empresa debe incluir medidas dirigidas a apoyar el desarrollo sostenible. Esto incluye el sector econ\u00f3mico en donde se pueden ir nuevas pol\u00edticas; adem\u00e1s, debe priorizar la generaci\u00f3n de empleos verdes y la maximizaci\u00f3n de recursos.<\/span><\/p>\n<p><span style=\"font-weight: 400;\">Si quieres iniciar acciones hacia una econom\u00eda verde, en Modo Re te ayudamos. Somos una <\/span><b>plataforma responsable con el medio ambiente, con soluciones basadas en la econom\u00eda verde, como la reutilizaci\u00f3n de envases<\/b><span style=\"font-weight: 400;\">. \u00a1<\/span><a href=\"https:\/\/www.modore.com.mx\/\" target=\"_blank\" rel=\"noopener\"><span style=\"font-weight: 400;\">Cont\u00e1ctanos<\/span><\/a><span style=\"font-weight: 400;\">!<\/span><\/p>\n<ol start=\"4\">\n<li><b> Garantiza que los empleos verdes sean seguros<\/b><\/li>\n<\/ol>\n<p><span style=\"font-weight: 400;\">El trabajo en esta econom\u00eda debe ser limpio y seguro, pues la adopci\u00f3n de medidas adecuadas en materia de seguridad y salud contribuye a mejores trabajos en una empresa m\u00e1s verde. Para este tipo de empleos ser\u00e1 necesario realizar reformas en materia laboral, que contemplen el uso de inspectores para garantizar la sustentabilidad en el trabajo.\u00a0<\/span><\/p>\n<p style=\"text-align: center;\"><span style=\"font-size: 12pt;\"><span style=\"font-weight: 400;\">Aprende a hacer una comunicaci\u00f3n ambiental en la era digital para que tu empresa sea m\u00e1s verde, conoce c\u00f3mo en nuestro <\/span><a href=\"https:\/\/www.agenciaverde.com\/blog.php?p=33\" target=\"_blank\" rel=\"noopener\"><span style=\"font-weight: 400;\">art\u00edculo<\/span><\/a><span style=\"font-weight: 400;\">.<\/span><\/span><\/p>\n<ol start=\"5\">\n<li><b> Impulsa las 9R<\/b><\/li>\n<\/ol>\n<p><span style=\"font-weight: 400;\">No hay mejor manera de fomentar el desarrollo sostenible que implementando las <\/span><a href=\"https:\/\/www.instagram.com\/p\/Cci7ydMOQTg\/\" target=\"_blank\" rel=\"nofollow noopener noreferrer\"><span style=\"font-weight: 400;\">nueve \u201cerres\u201d<\/span><\/a><span style=\"font-weight: 400;\"> de la econom\u00eda circular:\u00a0\u00a0<\/span><\/p>\n<ol>\n<li style=\"font-weight: 400;\" aria-level=\"1\"><span style=\"font-weight: 400;\">Rechazar aquello que no necesitas.<\/span><\/li>\n<li style=\"font-weight: 400;\" aria-level=\"1\"><span style=\"font-weight: 400;\">Repensar la manera en que consumimos y producimos.\u00a0<\/span><\/li>\n<li style=\"font-weight: 400;\" aria-level=\"1\"><span style=\"font-weight: 400;\">Redise\u00f1ar productos o servicios en favor del planeta.<\/span><\/li>\n<li style=\"font-weight: 400;\" aria-level=\"1\"><span style=\"font-weight: 400;\">Reducir el consumo.\u00a0<\/span><\/li>\n<li style=\"font-weight: 400;\" aria-level=\"1\"><span style=\"font-weight: 400;\">Reutilizar.<\/span><\/li>\n<li style=\"font-weight: 400;\" aria-level=\"1\"><span style=\"font-weight: 400;\">Reparar y cuidar nuestros productos.<\/span><\/li>\n<li style=\"font-weight: 400;\" aria-level=\"1\"><span style=\"font-weight: 400;\">Remanufacturar lo obsoleto.\u00a0<\/span><\/li>\n<li style=\"font-weight: 400;\" aria-level=\"1\"><span style=\"font-weight: 400;\">Reciclar los residuos.<\/span><\/li>\n<li style=\"font-weight: 400;\" aria-level=\"1\"><span style=\"font-weight: 400;\">Recuperar materiales que puedan ser fuentes de energ\u00eda.\u00a0<\/span><\/li>\n<\/ol>\n<p><span style=\"font-weight: 400;\">\u00bfQuieres tener h\u00e1bitos en favor del planeta sin morir en el intento? Entonces lee nuestro <\/span><a href=\"https:\/\/www.modore.com.mx\/blog\/vida-sustentable\/\" target=\"_blank\" rel=\"noopener\"><span style=\"font-weight: 400;\">art\u00edculo<\/span><\/a><span style=\"font-weight: 400;\"> y lleva\u00a0 una vida m\u00e1s sostenible<\/span><\/p>\n<p><span style=\"font-weight: 400;\">En este sentido, las <\/span><b>empresas de retail en M\u00e9xico<\/b><span style=\"font-weight: 400;\"> (es decir, cadenas de negocios que se caracterizan por vender art\u00edculos de consumo masivo en grandes cantidades a muchos clientes) tienen gran potencial y oportunidad para virar hacia la sustentabilidad. \u00bfPor qu\u00e9 elegir\u00edan esta alternativa?<\/span><\/p>\n<p><span style=\"font-weight: 400;\">Seg\u00fan un reporte de <\/span><a href=\"https:\/\/www.accenture.com\/_acnmedia\/thought-leadership-assets\/pdf\/accenture-competitiveagility-gcpr-pov.pdf\" target=\"_blank\" rel=\"nofollow noopener noreferrer\"><span style=\"font-weight: 400;\">Accenture<\/span><\/a> <span style=\"font-weight: 400;\">en 2018, <\/span><b>el 62% de los consumidores actualmente buscan \u00abque las empresas adopten una postura sobre temas como la sostenibilidad y transparencia\u00bb<\/b><span style=\"font-weight: 400;\">. Adem\u00e1s, un estudio de 2017 de Cone Communications, muestra que <\/span><b>la sostenibilidad se relaciona directamente con las decisiones de compra<\/b><span style=\"font-weight: 400;\">.\u00a0<\/span><\/p>\n<p><span style=\"font-weight: 400;\">Otros beneficios de la sustentabilidad en la industria de retail son:<\/span><\/p>\n<ul>\n<li style=\"font-weight: 400;\" aria-level=\"1\"><span style=\"font-weight: 400;\">Aumento de ingresos.<\/span><\/li>\n<li style=\"font-weight: 400;\" aria-level=\"1\"><span style=\"font-weight: 400;\">Reducci\u00f3n de costos.<\/span><\/li>\n<li style=\"font-weight: 400;\" aria-level=\"1\"><span style=\"font-weight: 400;\">Fuente de innovaci\u00f3n.<\/span><\/li>\n<li style=\"font-weight: 400;\" aria-level=\"1\"><span style=\"font-weight: 400;\">Retenci\u00f3n de empleados.<\/span><\/li>\n<li style=\"font-weight: 400;\" aria-level=\"1\"><span style=\"font-weight: 400;\">Mejora de marca.<\/span><\/li>\n<li style=\"font-weight: 400;\" aria-level=\"1\"><span style=\"font-weight: 400;\">Gesti\u00f3n de riesgos.<\/span><\/li>\n<li style=\"font-weight: 400;\" aria-level=\"1\"><span style=\"font-weight: 400;\">Nuevos mercados.<\/span><\/li>\n<li style=\"font-weight: 400;\" aria-level=\"1\"><span style=\"font-weight: 400;\">Stakeholders satisfechos.<\/span><\/li>\n<\/ul>\n<p><span style=\"font-weight: 400;\">Para esto,<\/span><b> en Modo Re somos expertos; nuestra meta es recuperar, reutilizar y rellenar envases para disminuir la contaminaci\u00f3n por pl\u00e1stico.<\/b><span style=\"font-weight: 400;\"> Tal vez pienses que es una acci\u00f3n peque\u00f1a o que tu marca no est\u00e1 lista, pero el actuar de manera responsable con nuestro planeta es responsabilidad de todos. Y si ya est\u00e1s aqu\u00ed, seguro es porque tienes la inquietud de <\/span><b>REpensar la forma en la que producimos: Hag\u00e1moslo juntos.<\/b><\/p>\n<p><span style=\"font-weight: 400;\">Y recuerda: s\u00ed es posible generar cambios, s\u00ed es viable contagiar los h\u00e1bitos sustentables a quienes nos rodean, s\u00ed podemos detener la cuenta regresiva en el Reloj Clim\u00e1tico.<\/span><b> Reutilizar es el primer paso para una econom\u00eda m\u00e1s sostenible<\/b><span style=\"font-weight: 400;\">.<\/span><\/p>\n<div id=\"attachment_237\" style=\"width: 810px\" class=\"wp-caption aligncenter\"><img aria-describedby=\"caption-attachment-237\" loading=\"lazy\" class=\"wp-image-237 size-full\" src=\"https:\/\/www.modore.com.mx\/blog\/wp-content\/uploads\/2022\/12\/economia-verde-3.webp\" alt=\"que es una econom\u00eda verde Modo Re\" width=\"800\" height=\"400\" srcset=\"https:\/\/www.modore.com.mx\/blog\/wp-content\/uploads\/2022\/12\/economia-verde-3.webp 800w, https:\/\/www.modore.com.mx\/blog\/wp-content\/uploads\/2022\/12\/economia-verde-3-300x150.webp 300w, https:\/\/www.modore.com.mx\/blog\/wp-content\/uploads\/2022\/12\/economia-verde-3-768x384.webp 768w\" sizes=\"(max-width: 800px) 100vw, 800px\" \/><p id=\"caption-attachment-237\" class=\"wp-caption-text\">Otro consejo para impulsar la econom\u00eda verde es promover la protecci\u00f3n social, ya que es una manera de mejorar la resiliencia de nuestros empleados ante el cambio clim\u00e1tico.<\/p><\/div>\n<p>&nbsp;<\/p>\n<p><span style=\"color: #03aeff; font-size: 16pt;\"><b>\u00a1Cont\u00e1ctanos y juntos salvemos al planeta!<\/b><\/span><\/p>\n<p>&nbsp;<\/p>\n<h4><span style=\"color: #0001a9;\"><b>Referencias<\/b><\/span><\/h4>\n<ol>\n<li style=\"font-weight: 400;\" aria-level=\"1\"><span style=\"font-weight: 400;\">Claudia Herr\u00e1n. <\/span><a href=\"https:\/\/www.flacsoandes.edu.ec\/sites\/default\/files\/agora\/files\/\/1340319587.documento_fes_09156.pdf\" target=\"_blank\" rel=\"nofollow noopener noreferrer\"><span style=\"font-weight: 400;\">El camino hacia una econom\u00eda verde<\/span><\/a><span style=\"font-weight: 400;\">. Friederich Ebert Stiftung, 2012. Consultado el 30 de septiembre del 2022.<\/span><\/li>\n<li style=\"font-weight: 400;\" aria-level=\"1\"><span style=\"font-weight: 400;\">Enel X. <\/span><a href=\"https:\/\/www.bancomundial.org\/es\/news\/feature\/2018\/12\/10\/crecimiento-verde-que-te-quiero-verde\" target=\"_blank\" rel=\"nofollow noopener noreferrer\"><span style=\"font-weight: 400;\">\u00bfQu\u00e9 es la econom\u00eda verde? Definici\u00f3n y significado<\/span><\/a><span style=\"font-weight: 400;\">. Enel X, s\/f. Consultado el 30 de septiembre del 2022.<\/span><\/li>\n<li style=\"font-weight: 400;\" aria-level=\"1\"><span style=\"font-weight: 400;\">Organizaci\u00f3n Internacional del Trabajo.<\/span> <a href=\"https:\/\/www.ilo.org\/global\/topics\/green-jobs\/WCMS_214247_ES\/lang--es\/index.htm#:~:text=Los%20empleos%20verdes%20reducen%20el,forma%20de%20residuo%20y%20contaminaci%C3%B3n%2C\" target=\"_blank\" rel=\"nofollow noopener noreferrer\"><span style=\"font-weight: 400;\">Preguntas frecuentes sobre empleos verdes<\/span><\/a><span style=\"font-weight: 400;\">. Organizaci\u00f3n Internacional del Trabajo, s\/f. Consultado el 30 de septiembre del 2022.<\/span><\/li>\n<li style=\"font-weight: 400;\" aria-level=\"1\"><span style=\"font-weight: 400;\">BBVA Research. M\u00e9xico | <\/span><a href=\"https:\/\/www.bbvaresearch.com\/publicaciones\/mexico-emisiones-de-gases-de-efecto-invernadero-y-acciones-de-mitigacion-y-adaptacion\/\" target=\"_blank\" rel=\"nofollow noopener noreferrer\"><span style=\"font-weight: 400;\">Emisiones de Gases de Efecto Invernadero y acciones de mitigaci\u00f3n y adaptaci\u00f3n<\/span><\/a><span style=\"font-weight: 400;\">. BBVA Research, 2015. Consultado el 30 de septiembre del 2022.<\/span><\/li>\n<li style=\"font-weight: 400;\" aria-level=\"1\"><span style=\"font-weight: 400;\">PNUMA. <\/span><a href=\"http:\/\/www.pnuma.org\/forodeministros\/18-ecuador\/Reunion%20Expertos\/Informe%20Economia%20Verde\/ESPANOL%20Economia%20Verde%2016%20DEC%202011.pdf\" target=\"_blank\" rel=\"nofollow noopener noreferrer\"><span style=\"font-weight: 400;\">Econom\u00eda Verde en el contexto del desarrollo sostenible y erradicaci\u00f3n de la pobreza: Una perspectiva desde Am\u00e9rica Latina y el Caribe<\/span><\/a><span style=\"font-weight: 400;\">. PNUMA, 2012. Consultado el 30 de septiembre del 2022.<\/span><\/li>\n<li style=\"font-weight: 400;\" aria-level=\"1\">Organizaci\u00f3n Internacional del Trabajo. <a href=\"https:\/\/www.ilo.org\/global\/about-the-ilo\/newsroom\/news\/WCMS_429835\/lang--es\/index.htm\" target=\"_blank\" rel=\"nofollow noopener noreferrer\">10 puntos de acci\u00f3n hacia una econom\u00eda m\u00e1s verde<\/a>. Organizaci\u00f3n Internacional del Trabajo, 2015. Consultado el 30 de septiembre del 2022.<\/li>\n<\/ol>\n","protected":false},"excerpt":{"rendered":"<p>\u00bfQuieres que tu empresa tenga un mejor rendimiento y sea m\u00e1s sostenible con el planeta? Entonces la econom\u00eda verde es para ti. Con\u00f3cela.<\/p>\n","protected":false},"author":1,"featured_media":235,"comment_status":"open","ping_status":"open","sticky":false,"template":"","format":"standard","meta":{"_genesis_hide_title":false,"_genesis_hide_breadcrumbs":false,"_genesis_hide_singular_image":false,"_genesis_hide_footer_widgets":false,"_genesis_custom_body_class":"","_genesis_custom_post_class":"","_genesis_layout":""},"categories":[51],"tags":[59,60,57,58],"yoast_head":"<!-- This site is optimized with the Yoast SEO plugin v19.6 - https:\/\/yoast.com\/wordpress\/plugins\/seo\/ -->\n<title>Econom\u00eda verde: un sistema sostenible sin desigualdad | Modo Re<\/title>\n<meta name=\"description\" content=\"\u00bfQuieres que tu empresa tenga un mejor rendimiento y sea m\u00e1s sostenible con el planeta? Entonces la econom\u00eda verde es para ti. Con\u00f3cela.\" \/>\n<meta name=\"robots\" content=\"index, follow, max-snippet:-1, max-image-preview:large, max-video-preview:-1\" \/>\n<link rel=\"canonical\" href=\"https:\/\/www.modore.com.mx\/blog\/economia-verde\/\" \/>\n<meta property=\"og:locale\" content=\"es_ES\" \/>\n<meta property=\"og:type\" content=\"article\" \/>\n<meta property=\"og:title\" content=\"Econom\u00eda verde: un sistema sostenible sin desigualdad | Modo Re\" \/>\n<meta property=\"og:description\" content=\"\u00bfQuieres que tu empresa tenga un mejor rendimiento y sea m\u00e1s sostenible con el planeta? Entonces la econom\u00eda verde es para ti. Con\u00f3cela.\" \/>\n<meta property=\"og:url\" content=\"https:\/\/www.modore.com.mx\/blog\/economia-verde\/\" \/>\n<meta property=\"og:site_name\" content=\"Blog Modo Re\" \/>\n<meta property=\"article:published_time\" content=\"2022-12-08T23:01:27+00:00\" \/>\n<meta property=\"article:modified_time\" content=\"2022-12-08T23:17:56+00:00\" \/>\n<meta property=\"og:image\" content=\"https:\/\/www.modore.com.mx\/blog\/wp-content\/uploads\/2022\/12\/economia-verde-4.webp\" \/>\n\t<meta property=\"og:image:width\" content=\"800\" \/>\n\t<meta property=\"og:image:height\" content=\"520\" \/>\n\t<meta property=\"og:image:type\" content=\"image\/webp\" \/>\n<meta name=\"author\" content=\"Modo Re\" \/>\n<meta name=\"twitter:card\" content=\"summary_large_image\" \/>\n<meta name=\"twitter:label1\" content=\"Escrito por\" \/>\n\t<meta name=\"twitter:data1\" content=\"Modo Re\" \/>\n\t<meta name=\"twitter:label2\" content=\"Tiempo de lectura\" \/>\n\t<meta name=\"twitter:data2\" content=\"11 minutos\" \/>\n<script type=\"application\/ld+json\" class=\"yoast-schema-graph\">{\"@context\":\"https:\/\/schema.org\",\"@graph\":[{\"@type\":\"Article\",\"@id\":\"https:\/\/www.modore.com.mx\/blog\/economia-verde\/#article\",\"isPartOf\":{\"@id\":\"https:\/\/www.modore.com.mx\/blog\/economia-verde\/\"},\"author\":{\"name\":\"Modo Re\",\"@id\":\"https:\/\/www.modore.com.mx\/blog\/#\/schema\/person\/02bd9a81bf8f8056fd16e41327cba460\"},\"headline\":\"Econom\u00eda verde: \u00bfqu\u00e9 es y por qu\u00e9 las empresas deber\u00edan implementar este modelo?\",\"datePublished\":\"2022-12-08T23:01:27+00:00\",\"dateModified\":\"2022-12-08T23:17:56+00:00\",\"mainEntityOfPage\":{\"@id\":\"https:\/\/www.modore.com.mx\/blog\/economia-verde\/\"},\"wordCount\":2103,\"commentCount\":0,\"publisher\":{\"@id\":\"https:\/\/www.modore.com.mx\/blog\/#organization\"},\"keywords\":[\"a que se le llama econom\u00eda verde\",\"econom\u00eda verde y econom\u00eda circular\",\"econom\u00edas verdes\",\"que es una econom\u00eda verde\"],\"articleSection\":[\"Econom\u00eda circular\"],\"inLanguage\":\"es\",\"potentialAction\":[{\"@type\":\"CommentAction\",\"name\":\"Comment\",\"target\":[\"https:\/\/www.modore.com.mx\/blog\/economia-verde\/#respond\"]}]},{\"@type\":\"WebPage\",\"@id\":\"https:\/\/www.modore.com.mx\/blog\/economia-verde\/\",\"url\":\"https:\/\/www.modore.com.mx\/blog\/economia-verde\/\",\"name\":\"Econom\u00eda verde: un sistema sostenible sin desigualdad | Modo Re\",\"isPartOf\":{\"@id\":\"https:\/\/www.modore.com.mx\/blog\/#website\"},\"datePublished\":\"2022-12-08T23:01:27+00:00\",\"dateModified\":\"2022-12-08T23:17:56+00:00\",\"description\":\"\u00bfQuieres que tu empresa tenga un mejor rendimiento y sea m\u00e1s sostenible con el planeta? Entonces la econom\u00eda verde es para ti. Con\u00f3cela.\",\"breadcrumb\":{\"@id\":\"https:\/\/www.modore.com.mx\/blog\/economia-verde\/#breadcrumb\"},\"inLanguage\":\"es\",\"potentialAction\":[{\"@type\":\"ReadAction\",\"target\":[\"https:\/\/www.modore.com.mx\/blog\/economia-verde\/\"]}]},{\"@type\":\"BreadcrumbList\",\"@id\":\"https:\/\/www.modore.com.mx\/blog\/economia-verde\/#breadcrumb\",\"itemListElement\":[{\"@type\":\"ListItem\",\"position\":1,\"name\":\"Home\",\"item\":\"https:\/\/www.modore.com.mx\/blog\/\"},{\"@type\":\"ListItem\",\"position\":2,\"name\":\"Econom\u00eda verde: \u00bfqu\u00e9 es y por qu\u00e9 las empresas deber\u00edan implementar este modelo?\"}]},{\"@type\":\"WebSite\",\"@id\":\"https:\/\/www.modore.com.mx\/blog\/#website\",\"url\":\"https:\/\/www.modore.com.mx\/blog\/\",\"name\":\"Blog Modo Re\",\"description\":\"Just another WordPress site\",\"publisher\":{\"@id\":\"https:\/\/www.modore.com.mx\/blog\/#organization\"},\"potentialAction\":[{\"@type\":\"SearchAction\",\"target\":{\"@type\":\"EntryPoint\",\"urlTemplate\":\"https:\/\/www.modore.com.mx\/blog\/?s={search_term_string}\"},\"query-input\":\"required name=search_term_string\"}],\"inLanguage\":\"es\"},{\"@type\":\"Organization\",\"@id\":\"https:\/\/www.modore.com.mx\/blog\/#organization\",\"name\":\"Blog Modo Re\",\"url\":\"https:\/\/www.modore.com.mx\/blog\/\",\"sameAs\":[],\"logo\":{\"@type\":\"ImageObject\",\"inLanguage\":\"es\",\"@id\":\"https:\/\/www.modore.com.mx\/blog\/#\/schema\/logo\/image\/\",\"url\":\"https:\/\/www.modore.com.mx\/blog\/wp-content\/uploads\/2022\/08\/cropped-Logo.png\",\"contentUrl\":\"https:\/\/www.modore.com.mx\/blog\/wp-content\/uploads\/2022\/08\/cropped-Logo.png\",\"width\":411,\"height\":276,\"caption\":\"Blog Modo Re\"},\"image\":{\"@id\":\"https:\/\/www.modore.com.mx\/blog\/#\/schema\/logo\/image\/\"}},{\"@type\":\"Person\",\"@id\":\"https:\/\/www.modore.com.mx\/blog\/#\/schema\/person\/02bd9a81bf8f8056fd16e41327cba460\",\"name\":\"Modo Re\",\"image\":{\"@type\":\"ImageObject\",\"inLanguage\":\"es\",\"@id\":\"https:\/\/www.modore.com.mx\/blog\/#\/schema\/person\/image\/\",\"url\":\"https:\/\/secure.gravatar.com\/avatar\/688ccde44a2f57451db438b5ad60ef52?s=96&d=mm&r=g\",\"contentUrl\":\"https:\/\/secure.gravatar.com\/avatar\/688ccde44a2f57451db438b5ad60ef52?s=96&d=mm&r=g\",\"caption\":\"Modo Re\"},\"sameAs\":[\"https:\/\/www.modore.com.mx\/blog\"],\"url\":\"https:\/\/www.modore.com.mx\/blog\/author\/admin\/\"}]}<\/script>\n<!-- \/ Yoast SEO plugin. -->","yoast_head_json":{"title":"Econom\u00eda verde: un sistema sostenible sin desigualdad | Modo Re","description":"\u00bfQuieres que tu empresa tenga un mejor rendimiento y sea m\u00e1s sostenible con el planeta? Entonces la econom\u00eda verde es para ti. Con\u00f3cela.","robots":{"index":"index","follow":"follow","max-snippet":"max-snippet:-1","max-image-preview":"max-image-preview:large","max-video-preview":"max-video-preview:-1"},"canonical":"https:\/\/www.modore.com.mx\/blog\/economia-verde\/","og_locale":"es_ES","og_type":"article","og_title":"Econom\u00eda verde: un sistema sostenible sin desigualdad | Modo Re","og_description":"\u00bfQuieres que tu empresa tenga un mejor rendimiento y sea m\u00e1s sostenible con el planeta? Entonces la econom\u00eda verde es para ti. Con\u00f3cela.","og_url":"https:\/\/www.modore.com.mx\/blog\/economia-verde\/","og_site_name":"Blog Modo Re","article_published_time":"2022-12-08T23:01:27+00:00","article_modified_time":"2022-12-08T23:17:56+00:00","og_image":[{"width":800,"height":520,"url":"https:\/\/www.modore.com.mx\/blog\/wp-content\/uploads\/2022\/12\/economia-verde-4.webp","type":"image\/webp"}],"author":"Modo Re","twitter_card":"summary_large_image","twitter_misc":{"Escrito por":"Modo Re","Tiempo de lectura":"11 minutos"},"schema":{"@context":"https:\/\/schema.org","@graph":[{"@type":"Article","@id":"https:\/\/www.modore.com.mx\/blog\/economia-verde\/#article","isPartOf":{"@id":"https:\/\/www.modore.com.mx\/blog\/economia-verde\/"},"author":{"name":"Modo Re","@id":"https:\/\/www.modore.com.mx\/blog\/#\/schema\/person\/02bd9a81bf8f8056fd16e41327cba460"},"headline":"Econom\u00eda verde: \u00bfqu\u00e9 es y por qu\u00e9 las empresas deber\u00edan implementar este modelo?","datePublished":"2022-12-08T23:01:27+00:00","dateModified":"2022-12-08T23:17:56+00:00","mainEntityOfPage":{"@id":"https:\/\/www.modore.com.mx\/blog\/economia-verde\/"},"wordCount":2103,"commentCount":0,"publisher":{"@id":"https:\/\/www.modore.com.mx\/blog\/#organization"},"keywords":["a que se le llama econom\u00eda verde","econom\u00eda verde y econom\u00eda circular","econom\u00edas verdes","que es una econom\u00eda verde"],"articleSection":["Econom\u00eda circular"],"inLanguage":"es","potentialAction":[{"@type":"CommentAction","name":"Comment","target":["https:\/\/www.modore.com.mx\/blog\/economia-verde\/#respond"]}]},{"@type":"WebPage","@id":"https:\/\/www.modore.com.mx\/blog\/economia-verde\/","url":"https:\/\/www.modore.com.mx\/blog\/economia-verde\/","name":"Econom\u00eda verde: un sistema sostenible sin desigualdad | Modo Re","isPartOf":{"@id":"https:\/\/www.modore.com.mx\/blog\/#website"},"datePublished":"2022-12-08T23:01:27+00:00","dateModified":"2022-12-08T23:17:56+00:00","description":"\u00bfQuieres que tu empresa tenga un mejor rendimiento y sea m\u00e1s sostenible con el planeta? Entonces la econom\u00eda verde es para ti. Con\u00f3cela.","breadcrumb":{"@id":"https:\/\/www.modore.com.mx\/blog\/economia-verde\/#breadcrumb"},"inLanguage":"es","potentialAction":[{"@type":"ReadAction","target":["https:\/\/www.modore.com.mx\/blog\/economia-verde\/"]}]},{"@type":"BreadcrumbList","@id":"https:\/\/www.modore.com.mx\/blog\/economia-verde\/#breadcrumb","itemListElement":[{"@type":"ListItem","position":1,"name":"Home","item":"https:\/\/www.modore.com.mx\/blog\/"},{"@type":"ListItem","position":2,"name":"Econom\u00eda verde: \u00bfqu\u00e9 es y por qu\u00e9 las empresas deber\u00edan implementar este modelo?"}]},{"@type":"WebSite","@id":"https:\/\/www.modore.com.mx\/blog\/#website","url":"https:\/\/www.modore.com.mx\/blog\/","name":"Blog Modo Re","description":"Just another WordPress site","publisher":{"@id":"https:\/\/www.modore.com.mx\/blog\/#organization"},"potentialAction":[{"@type":"SearchAction","target":{"@type":"EntryPoint","urlTemplate":"https:\/\/www.modore.com.mx\/blog\/?s={search_term_string}"},"query-input":"required name=search_term_string"}],"inLanguage":"es"},{"@type":"Organization","@id":"https:\/\/www.modore.com.mx\/blog\/#organization","name":"Blog Modo Re","url":"https:\/\/www.modore.com.mx\/blog\/","sameAs":[],"logo":{"@type":"ImageObject","inLanguage":"es","@id":"https:\/\/www.modore.com.mx\/blog\/#\/schema\/logo\/image\/","url":"https:\/\/www.modore.com.mx\/blog\/wp-content\/uploads\/2022\/08\/cropped-Logo.png","contentUrl":"https:\/\/www.modore.com.mx\/blog\/wp-content\/uploads\/2022\/08\/cropped-Logo.png","width":411,"height":276,"caption":"Blog Modo Re"},"image":{"@id":"https:\/\/www.modore.com.mx\/blog\/#\/schema\/logo\/image\/"}},{"@type":"Person","@id":"https:\/\/www.modore.com.mx\/blog\/#\/schema\/person\/02bd9a81bf8f8056fd16e41327cba460","name":"Modo Re","image":{"@type":"ImageObject","inLanguage":"es","@id":"https:\/\/www.modore.com.mx\/blog\/#\/schema\/person\/image\/","url":"https:\/\/secure.gravatar.com\/avatar\/688ccde44a2f57451db438b5ad60ef52?s=96&d=mm&r=g","contentUrl":"https:\/\/secure.gravatar.com\/avatar\/688ccde44a2f57451db438b5ad60ef52?s=96&d=mm&r=g","caption":"Modo Re"},"sameAs":["https:\/\/www.modore.com.mx\/blog"],"url":"https:\/\/www.modore.com.mx\/blog\/author\/admin\/"}]}},"_links":{"self":[{"href":"https:\/\/www.modore.com.mx\/blog\/wp-json\/wp\/v2\/posts\/232"}],"collection":[{"href":"https:\/\/www.modore.com.mx\/blog\/wp-json\/wp\/v2\/posts"}],"about":[{"href":"https:\/\/www.modore.com.mx\/blog\/wp-json\/wp\/v2\/types\/post"}],"author":[{"embeddable":true,"href":"https:\/\/www.modore.com.mx\/blog\/wp-json\/wp\/v2\/users\/1"}],"replies":[{"embeddable":true,"href":"https:\/\/www.modore.com.mx\/blog\/wp-json\/wp\/v2\/comments?post=232"}],"version-history":[{"count":7,"href":"https:\/\/www.modore.com.mx\/blog\/wp-json\/wp\/v2\/posts\/232\/revisions"}],"predecessor-version":[{"id":243,"href":"https:\/\/www.modore.com.mx\/blog\/wp-json\/wp\/v2\/posts\/232\/revisions\/243"}],"wp:featuredmedia":[{"embeddable":true,"href":"https:\/\/www.modore.com.mx\/blog\/wp-json\/wp\/v2\/media\/235"}],"wp:attachment":[{"href":"https:\/\/www.modore.com.mx\/blog\/wp-json\/wp\/v2\/media?parent=232"}],"wp:term":[{"taxonomy":"category","embeddable":true,"href":"https:\/\/www.modore.com.mx\/blog\/wp-json\/wp\/v2\/categories?post=232"},{"taxonomy":"post_tag","embeddable":true,"href":"https:\/\/www.modore.com.mx\/blog\/wp-json\/wp\/v2\/tags?post=232"}],"curies":[{"name":"wp","href":"https:\/\/api.w.org\/{rel}","templated":true}]}}