{"id":135,"date":"2022-05-11T01:59:36","date_gmt":"2022-05-11T01:59:36","guid":{"rendered":"https:\/\/www.modore.com.mx\/blog\/?p=135"},"modified":"2023-01-07T04:30:03","modified_gmt":"2023-01-07T04:30:03","slug":"packaging-ecologico","status":"publish","type":"post","link":"https:\/\/www.modore.com.mx\/blog\/packaging-ecologico\/","title":{"rendered":"Packaging ecol\u00f3gico: Una soluci\u00f3n falaz ante la problem\u00e1tica ambiental"},"content":{"rendered":"<p><span style=\"font-weight: 400;\">De acuerdo con la revista Intopack, durante los pr\u00f3ximos a\u00f1os<\/span><b> la industria del <\/b><b><i>packaging<\/i><\/b><b> va a ser testigo de cambios importantes ya que hay cuatro tendencias<\/b><span style=\"font-weight: 400;\"> que est\u00e1n cambiando el mercado, \u00e9stas son: <\/span><b>el <\/b><b><i>antipackaging<\/i><\/b><b>, el producto a la vista, el <\/b><b><i>visual packaging<\/i><\/b><b> y el <\/b><b><i>packaging<\/i><\/b><b> ecol\u00f3gico<\/b><span style=\"font-weight: 400;\">.<\/span><\/p>\n<p><span style=\"font-weight: 400;\">A grandes rasgos, la primera tendencia consiste en no hacer uso de empaques y volver a las compras a granel, la segunda opta por utilizar s\u00f3lo envases (semi)transparentes para que el usuario pueda tener certeza de c\u00f3mo se ve el producto y la tercera prefiere empaques en los que los gr\u00e1ficos e im\u00e1genes sean muy apegadas al producto real.<\/span><\/p>\n<p><span style=\"font-weight: 400;\">La cuarta tendencia, <\/span><b>el <\/b><b><i>packaging<\/i><\/b><b> ecol\u00f3gico es una opci\u00f3n que selecciona envases amigables con el planeta que puedan seguir cumpliendo con las funciones esperables de un buen contenedor<\/b><span style=\"font-weight: 400;\">.\u00a0 A diferencia de las anteriores, \u00e9sta es una opci\u00f3n que ya muchas empresas (principalmente de comida <\/span><i><span style=\"font-weight: 400;\">take away<\/span><\/i><span style=\"font-weight: 400;\">) han adoptado.<\/span><\/p>\n<p><span style=\"color: #ffffff; background-color: #0001a9;\"><strong> TABLA DE CONTENIDO <\/strong><\/span><\/p>\n<ul>\n<li><a href=\"#packaging\">Packaging<\/a>\n<ul>\n<li><a href=\"#materiales\">Materiales<\/a><\/li>\n<\/ul>\n<\/li>\n<li><a href=\"#ecologico\">Packaging ecol\u00f3gico<\/a>\n<ul>\n<li><a href=\"#materialesb\">Materiales<\/a><\/li>\n<\/ul>\n<\/li>\n<li><a href=\"#reutilizacion\">Reutilizaci\u00f3n<\/a>\n<ul>\n<li><a href=\"#modore\">Modo Re<\/a><\/li>\n<\/ul>\n<\/li>\n<\/ul>\n<p><a id=\"packaging\"><\/a>&nbsp;<\/p>\n<h2><span style=\"color: #0001a9;\"><b>Packaging<\/b><\/span><\/h2>\n<p><b>Llamamos <\/b><b><i>packaging<\/i><\/b><b> a todos los envases relacionados con la contenci\u00f3n o protecci\u00f3n de productos para su distribuci\u00f3n, almacenamiento, conservaci\u00f3n y venta<\/b><span style=\"font-weight: 400;\"> (1). Seg\u00fan esta definici\u00f3n, el <\/span><i><span style=\"font-weight: 400;\">packaging<\/span><\/i> <span style=\"font-weight: 400;\">incluir\u00eda, adem\u00e1s del recipiente <\/span><i><span style=\"font-weight: 400;\">per se<\/span><\/i><span style=\"font-weight: 400;\">, las envolturas en las que \u00e9stos puedan estar y las etiquetas comerciales que \u00e9stos puedan tener.<\/span><\/p>\n<p><span style=\"font-weight: 400;\">Un buen <\/span><i><span style=\"font-weight: 400;\">packaging<\/span><\/i><span style=\"font-weight: 400;\"> es esencial en diversas industrias (alimentaria, de limpieza, farmac\u00e9utica, restaurantera, etc.) porque asegura la conservaci\u00f3n y el mantenimiento de la calidad de los productos que contiene y porque aporta seguridad durante toda la cadena de distribuci\u00f3n y venta.<\/span><\/p>\n<div id=\"attachment_139\" style=\"width: 810px\" class=\"wp-caption aligncenter\"><img aria-describedby=\"caption-attachment-139\" loading=\"lazy\" class=\"wp-image-139 size-full\" src=\"https:\/\/www.modore.com.mx\/blog\/wp-content\/uploads\/2022\/08\/packaging-ecologico-4.jpg\" alt=\"packaging ecol\u00f3gico Modo Re\" width=\"800\" height=\"400\" srcset=\"https:\/\/www.modore.com.mx\/blog\/wp-content\/uploads\/2022\/08\/packaging-ecologico-4.jpg 800w, https:\/\/www.modore.com.mx\/blog\/wp-content\/uploads\/2022\/08\/packaging-ecologico-4-300x150.jpg 300w, https:\/\/www.modore.com.mx\/blog\/wp-content\/uploads\/2022\/08\/packaging-ecologico-4-768x384.jpg 768w\" sizes=\"(max-width: 800px) 100vw, 800px\" \/><p id=\"caption-attachment-139\" class=\"wp-caption-text\">Desde el marketing, el packaging -ecol\u00f3gico o no- tiene como objetivo llamar la atenci\u00f3n.<br \/>Si es llamativo y funcional es muy probable que sea elegido por los consumidores.<\/p><\/div>\n<p><span style=\"font-weight: 400;\">Adem\u00e1s, es importante porque a trav\u00e9s de los contenedores, envases o recipientes se le proporciona al consumidor la informaci\u00f3n m\u00e1s relevante sobre el producto que comercializamos. En el caso de los alimentos, es a trav\u00e9s de una etiqueta impresa o agregada donde se comunica su valor nutricional, su fecha de envasado y de caducidad, sus condiciones de conservaci\u00f3n, etc\u00e9tera.<\/span><\/p>\n<p><span style=\"font-weight: 400;\">As\u00ed, <\/span><b>un envase defectuoso puede ocasionar p\u00e9rdidas, incluso millonarias,<\/b><span style=\"font-weight: 400;\"> tanto en las empresas productoras como en las encargadas de la log\u00edstica del art\u00edculo. De igual forma, <\/span><b>un mal <\/b><b><i>packaging<\/i><\/b><b> puede generar problemas sanitarios<\/b><span style=\"font-weight: 400;\"> por incumplir con las normativas vigentes.<\/span><\/p>\n<p><a id=\"materiales\"><\/a>&nbsp;<\/p>\n<h3><span style=\"color: #008d8d;\"><b>Materiales<\/b><\/span><\/h3>\n<p><span style=\"font-weight: 400;\">Desde el siglo pasado <\/span><b>por sus propiedades<\/b><span style=\"font-weight: 400;\"> de adaptabilidad, higiene, ligereza, maleabilidad, resistencia, versatilidad y bajo costo, <\/span><b>el pl\u00e1stico ha sido el material m\u00e1s utilizado en el <\/b><b><i>packaging<\/i><\/b> <span style=\"font-weight: 400;\">de todos los sectores.<\/span><\/p>\n<p><span style=\"font-weight: 400;\">Existen muchos tipos de pl\u00e1stico, entre ellos: el PET (polietileno tereftalato), el LDPE (polietileno de baja densidad) y el HDPE (polietileno de alta densidad). Todos, junto con algunos otros como el PP (polipropileno) o el PS (poliestireno), son utilizados todos los d\u00edas en una propuesta, mayormente, de consumo y desecho.<\/span><\/p>\n<p><b>Dicha popularidad caus\u00f3 una producci\u00f3n desmedida que acab\u00f3 por generar<\/b><span style=\"font-weight: 400;\"> millones y millones de envases pl\u00e1sticos que se convirtieron, en poco tiempo, en <\/span><b>millones y millones de desechos pl\u00e1sticos<\/b><span style=\"font-weight: 400;\"> que invadieron todos los ecosistemas del planeta pues no se trata de un producto degradable por acci\u00f3n biol\u00f3gica o de manera org\u00e1nica y natural.<\/span><\/p>\n<div id=\"attachment_136\" style=\"width: 810px\" class=\"wp-caption aligncenter\"><img aria-describedby=\"caption-attachment-136\" loading=\"lazy\" class=\"wp-image-136 size-full\" src=\"https:\/\/www.modore.com.mx\/blog\/wp-content\/uploads\/2022\/08\/packaging-ecologico-3.jpg\" alt=\"pl\u00e1stico reciclado Modo Re\" width=\"800\" height=\"400\" srcset=\"https:\/\/www.modore.com.mx\/blog\/wp-content\/uploads\/2022\/08\/packaging-ecologico-3.jpg 800w, https:\/\/www.modore.com.mx\/blog\/wp-content\/uploads\/2022\/08\/packaging-ecologico-3-300x150.jpg 300w, https:\/\/www.modore.com.mx\/blog\/wp-content\/uploads\/2022\/08\/packaging-ecologico-3-768x384.jpg 768w\" sizes=\"(max-width: 800px) 100vw, 800px\" \/><p id=\"caption-attachment-136\" class=\"wp-caption-text\">Seg\u00fan datos de Acteco, de todo el pl\u00e1stico que se produce s\u00f3lo se recicla del 10 al 15 %.<br \/>De este pl\u00e1stico reciclado se obtienen productos de poca calidad que no se pueden reciclar.<\/p><\/div>\n<p><span style=\"font-weight: 400;\">Debido a esto, algunas empresas regresaron, incorporaron o intercalaron el uso de otros materiales como el aluminio, el cart\u00f3n y el vidrio para sus tareas de <\/span><i><span style=\"font-weight: 400;\">packaging<\/span><\/i><span style=\"font-weight: 400;\">.<\/span><\/p>\n<p><span style=\"font-weight: 400;\">El aluminio es un metal blanco, brillante, d\u00factil, ligero, maleable y resistente a la corrosi\u00f3n por lo cual se emplea en distintas aleaciones. Adem\u00e1s, es est\u00e9ril, higi\u00e9nico, impermeable, incoloro e inodoro por lo que ha sido utilizado para la elaboraci\u00f3n de muchos envases. No obstante, pese a todas sus bondades, su generaci\u00f3n implica una extracci\u00f3n de minerales\u00a0 no abundantes.<\/span><\/p>\n<p><span style=\"font-weight: 400;\">El cart\u00f3n es un material que asemeja una hoja gruesa y r\u00edgida formada por varias capas de papel comprimido que proporciona, al mismo tiempo, liviandad y resistencia; adem\u00e1s, a comparaci\u00f3n del aluminio o el vidrio, es considerablemente m\u00e1s barato y permite la impresi\u00f3n en tinta f\u00e1cilmente lo cual representa una ventaja en los empaques.<\/span><\/p>\n<p><span style=\"font-weight: 400;\">A pesar de las caracter\u00edsticas anteriores, <\/span><b>el cart\u00f3n es permeable a grasas, l\u00edquidos y vapores <\/b><span style=\"font-weight: 400;\">por lo que si el producto a contener presenta alguna de las composiciones anteriores no es una opci\u00f3n para su empaquetado <\/span><span style=\"font-weight: 400;\">pues puede generar<\/span><span style=\"font-weight: 400;\"> debilidad o inestabilidad en el envase y una est\u00e9tica pobre.<\/span><\/p>\n<p><span style=\"font-weight: 400;\">Asimismo, hay que tener en mente otras dos consideraciones. La primera es que este material <\/span><b>proviene de la madera por lo que su uso indiscriminado necesitar\u00eda de una tala abrumadora de \u00e1rboles lo que conducir\u00eda a una deforestaci\u00f3n<\/b><span style=\"font-weight: 400;\"> mucho mayor a la imperante en estos d\u00edas <\/span><b>y a una sobreexplotaci\u00f3n de los mantos acu\u00edferos<\/b><span style=\"font-weight: 400;\"> (1).<\/span><\/p>\n<p><span style=\"font-weight: 400;\">El segundo punto es que, si bien el cart\u00f3n puede reciclarse m\u00e1s f\u00e1cilmente que otros materiales como el pl\u00e1stico, no todos los productos de este material tienen esta propiedad. Por ejemplo, el utilizado en envases de comida para llevar no es reciclable lo que significa que una vez usado es simplemente un desecho.<\/span><\/p>\n<p><img loading=\"lazy\" class=\"aligncenter wp-image-123 size-full\" src=\"https:\/\/www.modore.com.mx\/blog\/wp-content\/uploads\/2022\/08\/franja-superior.jpg\" alt=\"\" width=\"360\" height=\"10\" srcset=\"https:\/\/www.modore.com.mx\/blog\/wp-content\/uploads\/2022\/08\/franja-superior.jpg 360w, https:\/\/www.modore.com.mx\/blog\/wp-content\/uploads\/2022\/08\/franja-superior-300x8.jpg 300w\" sizes=\"(max-width: 360px) 100vw, 360px\" \/><\/p>\n<p style=\"text-align: center;\"><span style=\"color: #03aeff; font-size: 18pt;\"><b>El Consejo Estadounidense de Qu\u00edmica y la empresa Trucost estiman que los costos ambientales ser\u00edan cinco veces m\u00e1s altos si la industria refresquera utilizara envases de aluminio, esta\u00f1o o vidrio en lugar de pl\u00e1stico. Por eso, la mejor opci\u00f3n es reutilizar (2).<\/b><\/span><\/p>\n<p><img loading=\"lazy\" class=\"aligncenter wp-image-124 size-full\" src=\"https:\/\/www.modore.com.mx\/blog\/wp-content\/uploads\/2022\/08\/franja-inferior.jpg\" alt=\"\" width=\"360\" height=\"10\" srcset=\"https:\/\/www.modore.com.mx\/blog\/wp-content\/uploads\/2022\/08\/franja-inferior.jpg 360w, https:\/\/www.modore.com.mx\/blog\/wp-content\/uploads\/2022\/08\/franja-inferior-300x8.jpg 300w\" sizes=\"(max-width: 360px) 100vw, 360px\" \/><\/p>\n<p><span style=\"font-weight: 400;\">El vidrio es un material duro y transparente fabricado a base de silicio que se puede tanto reciclar como reutilizar; debido a esto, se ha considerado como una alternativa ante <\/span><a href=\"https:\/\/www.modore.com.mx\/blog\/plasticos-de-un-solo-uso\/\" target=\"_blank\" rel=\"noopener\"><span style=\"font-weight: 400;\">los pl\u00e1sticos de uno solo uso<\/span><\/a><span style=\"font-weight: 400;\">. Pese a esto, en la pr\u00e1ctica su inviabilidad se hace evidente.<\/span><\/p>\n<p><b>La producci\u00f3n de envases de vidrio requiere de m\u00e1s energ\u00eda<\/b><span style=\"font-weight: 400;\"> (alrededor del 40 % m\u00e1s que un envase de pl\u00e1stico (1) <\/span><b>y puede ser m\u00e1s t\u00f3xica que la de otras opciones.<\/b><span style=\"font-weight: 400;\"> Adem\u00e1s, debido a su mayor peso, su transporte produce mayor di\u00f3xido de carb\u00f3n y es m\u00e1s costoso.<\/span><\/p>\n<p><b>En Modo Re te presentamos una nueva forma de consumir de manera m\u00e1s consciente con nuestro planeta<\/b><span style=\"font-weight: 400;\">. Visita <\/span><a href=\"https:\/\/www.modore.com.mx\/\" target=\"_blank\" rel=\"noopener\"><span style=\"font-weight: 400;\">nuestro sitio web<\/span><\/a><span style=\"font-weight: 400;\"> y ent\u00e9rate por qu\u00e9 estamos convencidos de que necesitamos recuperar, reutilizar y rellenar los envases de pl\u00e1stico de los productos que compramos.<\/span><\/p>\n<p><a id=\"ecologico\"><\/a>&nbsp;<\/p>\n<h2><span style=\"color: #0001a9;\"><b>Packaging ecol\u00f3gico<\/b><\/span><\/h2>\n<p><b>El pl\u00e1stico, el aluminio, el cart\u00f3n y el vidrio<\/b><span style=\"font-weight: 400;\">, materiales tradicionales mencionados en la secci\u00f3n anterior, han sido la base de la industria del <\/span><i><span style=\"font-weight: 400;\">packaging<\/span><\/i><span style=\"font-weight: 400;\">; sin embargo, en la actualidad y ante la crisis de contaminaci\u00f3n que estamos viviendo, <\/span><b>no representan la mejor opci\u00f3n para el consumidor y un futuro sostenible<\/b><span style=\"font-weight: 400;\">.<\/span><\/p>\n<div id=\"attachment_137\" style=\"width: 810px\" class=\"wp-caption aligncenter\"><img aria-describedby=\"caption-attachment-137\" loading=\"lazy\" class=\"wp-image-137 size-full\" src=\"https:\/\/www.modore.com.mx\/blog\/wp-content\/uploads\/2022\/08\/packaging-ecologico-2.jpg\" alt=\"empaques ecofriendly Modo Re\" width=\"800\" height=\"400\" srcset=\"https:\/\/www.modore.com.mx\/blog\/wp-content\/uploads\/2022\/08\/packaging-ecologico-2.jpg 800w, https:\/\/www.modore.com.mx\/blog\/wp-content\/uploads\/2022\/08\/packaging-ecologico-2-300x150.jpg 300w, https:\/\/www.modore.com.mx\/blog\/wp-content\/uploads\/2022\/08\/packaging-ecologico-2-768x384.jpg 768w\" sizes=\"(max-width: 800px) 100vw, 800px\" \/><p id=\"caption-attachment-137\" class=\"wp-caption-text\">Existe una clara tendencia en la que las empresas, grandes y chicas, han iniciado una transici\u00f3n<br \/>hacia envases fabricados con materiales sostenibles, es decir, de uni\u00f3n al packaging ecol\u00f3gico.<\/p><\/div>\n<p><span style=\"font-weight: 400;\">Por esta raz\u00f3n, <\/span><b>son cada vez m\u00e1s las empresas y los consumidores que apuestan por un <\/b><b><i>packaging<\/i><\/b> <b>ecol\u00f3gico<\/b><span style=\"font-weight: 400;\"> (tambi\u00e9n llamado <\/span><i><span style=\"font-weight: 400;\">ecopackaging<\/span><\/i> <span style=\"font-weight: 400;\">o <\/span><i><span style=\"font-weight: 400;\">packaging <\/span><\/i><span style=\"font-weight: 400;\">sostenible), es decir, por envases que con una huella ambiental menor a la de los hechos con los materiales tradicionales que puedan reutilizarse o, en caso de no ser posible, al menos reciclarse.<\/span><\/p>\n<p><span style=\"font-weight: 400;\">Adem\u00e1s de los envases hechos con materiales amigables con el medio ambiente, <\/span><b>el <\/b><b><i>packaging<\/i><\/b> <b>ecol\u00f3gico se caracteriza por utilizar diversos mecanismos para comunicar su elecci\u00f3n al consumidor<\/b><span style=\"font-weight: 400;\"> que cada vez se encuentra m\u00e1s comprometido y preocupado por preferir opciones con un impacto social favorable en la sociedad y el ambiente.<\/span><\/p>\n<p><a id=\"materialesb\"><\/a>&nbsp;<\/p>\n<h3><span style=\"color: #008d8d;\"><b>Materiales<\/b><\/span><\/h3>\n<p><span style=\"font-weight: 400;\">En la actualidad <\/span><b>hay diversas propuestas de materiales para el <\/b><b><i>packaging<\/i><\/b><b> ecol\u00f3gico<\/b><span style=\"font-weight: 400;\">. Dos de las m\u00e1s relevantes son los biopl\u00e1sticos y los monomateriales sostenibles (1).<\/span><\/p>\n<p><span style=\"font-weight: 400;\">Los <\/span><b>biopl\u00e1sticos<\/b><span style=\"font-weight: 400;\"> comprenden un conjunto de materiales de base biol\u00f3gica o biodegradable, es decir, que se deriva total o parcialmente de recursos renovables. En la elaboraci\u00f3n de embalajes ecol\u00f3gicos o empaques <\/span><i><span style=\"font-weight: 400;\">ecofriendly<\/span><\/i> <span style=\"font-weight: 400;\">se utilizan, principalmente, los siguientes tres tipos:<\/span><\/p>\n<ul>\n<li style=\"font-weight: 400;\" aria-level=\"1\"><b>Pol\u00edmeros extra\u00eddos de biomasa<\/b><span style=\"font-weight: 400;\">. Provienen de diversas prote\u00ednas (case\u00edna, col\u00e1geno, gluten, queratina, ovoalb\u00famina, ovotransferencia, ovomucoide, zein) por lo que generan pel\u00edculas o filmes de pl\u00e1stico de muy buena calidad con buena barrera de aroma. Los pol\u00edmeros extra\u00eddos de biomasa m\u00e1s utilizados son el almid\u00f3n y la celulosa.<\/span><\/li>\n<li style=\"font-weight: 400;\" aria-level=\"1\"><b>Pol\u00edmeros sintetizados a partir de mon\u00f3meros<\/b><span style=\"font-weight: 400;\">. Proceden, los m\u00e1s conocidos, del \u00e1cido l\u00e1ctico que se encuentra en alimentos como el az\u00facar de ca\u00f1a y sus derivados. Las pel\u00edculas que se crean con \u00e9stas son parecidas al PET; adem\u00e1s, poseen buenas propiedades impermeables y son vers\u00e1tiles.<\/span><\/li>\n<li style=\"font-weight: 400;\" aria-level=\"1\"><b>Pol\u00edmeros producidos por microorganismos<\/b><span style=\"font-weight: 400;\">. Resulta de la fermentaci\u00f3n de az\u00facares o l\u00edpidos por medio de la acci\u00f3n de bacterias. El pol\u00edmero de este tipo m\u00e1s conocido se debe al PHA (polihidroxialcanoato), biopl\u00e1stico creado en su totalidad de recursos renovables, y con un alt\u00edsimo costo de fabricaci\u00f3n.<\/span><\/li>\n<\/ul>\n<p><span style=\"font-weight: 400;\">A pesar de su composici\u00f3n amigable con el planeta y su noble intenci\u00f3n, <\/span><b>los costos relacionados con la producci\u00f3n de los biopl\u00e1sticos son muy elevados<\/b><span style=\"font-weight: 400;\">.<\/span><\/p>\n<p><span style=\"font-weight: 400;\">De igual forma, sin un plan de reciclaje exitoso, los envases hechos de biopl\u00e1sticos van a seguir siendo desechos (ya que no va a ser posible reciclarlos y van a ir directo a vertederos) y necesitar\u00e1n de nuevos recursos para su creaci\u00f3n y nuevas cadenas de producci\u00f3n para su elaboraci\u00f3n. Lo anterior visibiliza el porqu\u00e9 estos envases tampoco son la mejor opci\u00f3n.<\/span><\/p>\n<p><span style=\"font-weight: 400;\">Por su parte, los <\/span><b>monomateriales sostenibles<\/b><span style=\"font-weight: 400;\"> son aquellos que provienen de un solo elemento de la naturaleza, que requieren de un menor consumo energ\u00e9tico en todo su ciclo de producci\u00f3n y que tienen facilidad de reciclarse o producir cero residuos.<\/span><\/p>\n<p><img loading=\"lazy\" class=\"aligncenter wp-image-123 size-full\" src=\"https:\/\/www.modore.com.mx\/blog\/wp-content\/uploads\/2022\/08\/franja-superior.jpg\" alt=\"\" width=\"360\" height=\"10\" srcset=\"https:\/\/www.modore.com.mx\/blog\/wp-content\/uploads\/2022\/08\/franja-superior.jpg 360w, https:\/\/www.modore.com.mx\/blog\/wp-content\/uploads\/2022\/08\/franja-superior-300x8.jpg 300w\" sizes=\"(max-width: 360px) 100vw, 360px\" \/><\/p>\n<p style=\"text-align: center;\"><span style=\"font-size: 18pt; color: #03aeff;\"><b>El <\/b><b><i>packaging <\/i><\/b><b>ecol\u00f3gico se ha considerado como\u00a0<\/b><\/span><br \/>\n<span style=\"font-size: 18pt; color: #03aeff;\"><b>una medida ante la contaminaci\u00f3n global; sin embargo,<\/b><\/span><br \/>\n<span style=\"font-size: 18pt; color: #03aeff;\"><b>muchos de sus materiales y procesos son costosos<\/b><\/span><br \/>\n<span style=\"font-size: 18pt; color: #03aeff;\"><b>o no est\u00e1n al alcance de todos.<\/b><\/span><\/p>\n<p><img loading=\"lazy\" class=\"aligncenter wp-image-124 size-full\" src=\"https:\/\/www.modore.com.mx\/blog\/wp-content\/uploads\/2022\/08\/franja-inferior.jpg\" alt=\"\" width=\"360\" height=\"10\" srcset=\"https:\/\/www.modore.com.mx\/blog\/wp-content\/uploads\/2022\/08\/franja-inferior.jpg 360w, https:\/\/www.modore.com.mx\/blog\/wp-content\/uploads\/2022\/08\/franja-inferior-300x8.jpg 300w\" sizes=\"(max-width: 360px) 100vw, 360px\" \/><\/p>\n<p><span style=\"font-weight: 400;\">Uno de los mejores ejemplos de monomaterial sostenible son las algas. \u00c9stas se han convertido en una opci\u00f3n en diferentes industrias debido a que tienen la capacidad de disolverse en agua tibia (generando cero residuos) y un alto contenido de nutrientes (fibra, minerales y vitaminas). Adem\u00e1s, son imprimibles y termosellables y poseen una vida \u00fatil de dos a\u00f1os sin la necesidad de conservantes.<\/span><\/p>\n<p><span style=\"font-weight: 400;\">Las <\/span><b>microalgas monomateriales<\/b><span style=\"font-weight: 400;\"> son utilizadas para crear la envoltura de varios alimentos de comida r\u00e1pida como hamburguesas y <\/span><i><span style=\"font-weight: 400;\">hot dogs<\/span><\/i><span style=\"font-weight: 400;\"> y bolsas de salsas o sazonadores. En ambos casos, se trata de una forma de <\/span><i><span style=\"font-weight: 400;\">ecopackaging<\/span><\/i> <span style=\"font-weight: 400;\">pues son ingeribles, aunque, la segunda despu\u00e9s de su disoluci\u00f3n con agua tibia.<\/span><\/p>\n<p><span style=\"font-weight: 400;\">Sin embargo, esta opci\u00f3n est\u00e1 restringida a sus creadores, la <\/span><i><span style=\"font-weight: 400;\">start-up<\/span><\/i><span style=\"font-weight: 400;\"> tailandesa Evoware por lo que no se puede acceder a informaci\u00f3n relacionada con la obtenci\u00f3n de las algas o la formulaci\u00f3n de las envolturas.<\/span><\/p>\n<p><span style=\"font-weight: 400;\">Hace varias d\u00e9cadas, el pl\u00e1stico lleg\u00f3 para solucionar un problema para el ser humano a la hora de consumir o adquirir productos pero hoy es momento de repensar la forma en la que consumimos. <\/span><b>Conoce <\/b><a href=\"https:\/\/www.modore.com.mx\/\" target=\"_blank\" rel=\"noopener\"><b>Modo Re<\/b><\/a><b> y conv\u00e9ncete<\/b><span style=\"font-weight: 400;\">, como nosotros,<\/span><b> de que el mejor residuo es el que no se genera<\/b><span style=\"font-weight: 400;\">.<\/span><\/p>\n<p><a id=\"reutilizacion\"><\/a>&nbsp;<\/p>\n<h2><span style=\"color: #0001a9;\"><b>Reutilizaci\u00f3n<\/b><\/span><\/h2>\n<p><span style=\"font-weight: 400;\">Como se puede ver, <\/span><b>a pesar de las diferentes propuestas de <\/b><b><i>packaging<\/i><\/b><span style=\"font-weight: 400;\">, ya sea con materiales tradicionales (aluminio, cart\u00f3n, pl\u00e1stico y vidrio) o m\u00e1s innovadores (biopl\u00e1sticos y monomateriales), <\/span><b>\u00e9stas no representan una soluci\u00f3n perfecta para el empaquetado o envasado<\/b><span style=\"font-weight: 400;\"> de productos pues todas conllevan a alguna consecuencia ambiental o requieren de inversiones muy costosas para los fabricantes.<\/span><\/p>\n<p><span style=\"font-weight: 400;\">As\u00ed pues, <\/span><b>diferentes especialistas y organizaciones coinciden en<\/b><span style=\"font-weight: 400;\"> que m\u00e1s que buscar alternativas para desarrollar nuevos materiales sostenibles y maximizar el <\/span><i><span style=\"font-weight: 400;\">packaging<\/span><\/i> <span style=\"font-weight: 400;\">ecol\u00f3gico lo que habr\u00eda que hacer es <\/span><b>apostar a la reutilizaci\u00f3n de los envases ya existentes de materiales tradicionales<\/b><span style=\"font-weight: 400;\">. Especialmente, de los envases pl\u00e1sticos.<\/span><\/p>\n<div id=\"attachment_138\" style=\"width: 810px\" class=\"wp-caption aligncenter\"><img aria-describedby=\"caption-attachment-138\" loading=\"lazy\" class=\"wp-image-138 size-full\" src=\"https:\/\/www.modore.com.mx\/blog\/wp-content\/uploads\/2022\/08\/packaging-ecologico-1.jpg\" alt=\"embalaje ecol\u00f3gico Modo Re\" width=\"800\" height=\"400\" srcset=\"https:\/\/www.modore.com.mx\/blog\/wp-content\/uploads\/2022\/08\/packaging-ecologico-1.jpg 800w, https:\/\/www.modore.com.mx\/blog\/wp-content\/uploads\/2022\/08\/packaging-ecologico-1-300x150.jpg 300w, https:\/\/www.modore.com.mx\/blog\/wp-content\/uploads\/2022\/08\/packaging-ecologico-1-768x384.jpg 768w\" sizes=\"(max-width: 800px) 100vw, 800px\" \/><p id=\"caption-attachment-138\" class=\"wp-caption-text\">Cada envase que se reutiliza equivale a un envase no producido generando ahorros econ\u00f3micos<br \/>y beneficios ambientales. La reutilizaci\u00f3n representa una mejor opci\u00f3n que el packaging ecol\u00f3gico.<\/p><\/div>\n<p><b>Las ventajas de la reutilizaci\u00f3n para las industrias son mucho m\u00e1s significativas que para los consumidores.<\/b><span style=\"font-weight: 400;\"> En Modo Re queremos compartir contigo las tres que nos parecen m\u00e1s relevantes y que pueden ser tu mejor alternativa ante las nuevas tendencias del <\/span><i><span style=\"font-weight: 400;\">packaging<\/span><\/i><span style=\"font-weight: 400;\"> sostenible.<\/span><\/p>\n<p><span style=\"font-weight: 400;\">La primera es una <\/span><b>inversi\u00f3n m\u00ednima y un ahorro asegurado<\/b><span style=\"font-weight: 400;\">. Tu empresa s\u00f3lo necesita destinar una cantidad peque\u00f1a para garantizar la recolecci\u00f3n y limpieza de los envases ya producidos. Esta cantidad suele ser mucho menor a la que reservas, actualmente, para la producci\u00f3n desde cero de tus envases por lo que el ahorro es inmediato.<\/span><\/p>\n<p><img loading=\"lazy\" class=\"aligncenter wp-image-123 size-full\" src=\"https:\/\/www.modore.com.mx\/blog\/wp-content\/uploads\/2022\/08\/franja-superior.jpg\" alt=\"\" width=\"360\" height=\"10\" srcset=\"https:\/\/www.modore.com.mx\/blog\/wp-content\/uploads\/2022\/08\/franja-superior.jpg 360w, https:\/\/www.modore.com.mx\/blog\/wp-content\/uploads\/2022\/08\/franja-superior-300x8.jpg 300w\" sizes=\"(max-width: 360px) 100vw, 360px\" \/><\/p>\n<p style=\"text-align: center;\"><span style=\"color: #03aeff; font-size: 18pt;\"><b>El Foro Econ\u00f3mico Mundial, seg\u00fan informaci\u00f3n de la BBC,<\/b><\/span><br \/>\n<span style=\"color: #03aeff; font-size: 18pt;\"><b> descubri\u00f3 que las medidas innovadoras de reutilizaci\u00f3n<\/b><\/span><br \/>\n<span style=\"color: #03aeff; font-size: 18pt;\"><b>podr\u00edan realmente reducir los costos de empaque<\/b><\/span><br \/>\n<span style=\"color: #03aeff; font-size: 18pt;\"><b>en al menos $8.000 millones de d\u00f3lares al a\u00f1o (2).<\/b><\/span><\/p>\n<p><span style=\"font-weight: 400;\"> <img loading=\"lazy\" class=\"aligncenter wp-image-124 size-full\" src=\"https:\/\/www.modore.com.mx\/blog\/wp-content\/uploads\/2022\/08\/franja-inferior.jpg\" alt=\"\" width=\"360\" height=\"10\" srcset=\"https:\/\/www.modore.com.mx\/blog\/wp-content\/uploads\/2022\/08\/franja-inferior.jpg 360w, https:\/\/www.modore.com.mx\/blog\/wp-content\/uploads\/2022\/08\/franja-inferior-300x8.jpg 300w\" sizes=\"(max-width: 360px) 100vw, 360px\" \/><\/span><\/p>\n<p><span style=\"font-weight: 400;\">La reutilizaci\u00f3n y no generaci\u00f3n de nuevos envases tambi\u00e9n impacta en una reducci\u00f3n monetaria relacionada con las tareas de empacado (menos materiales), almacenaje (menos espacio) y venta (m\u00e1s consumo al tener un precio menor).<\/span><\/p>\n<p><span style=\"font-weight: 400;\">La segunda es un <\/span><b><i>exposure<\/i><\/b><b> positivo de marca<\/b><span style=\"font-weight: 400;\"> y un <\/span><i><span style=\"font-weight: 400;\">engagement<\/span><\/i> <span style=\"font-weight: 400;\">con la mayor\u00eda de los nuevos segmentos de <\/span><i><span style=\"font-weight: 400;\">target<\/span><\/i><span style=\"font-weight: 400;\">. Lo anterior quiere decir que si optas por hacer una transici\u00f3n a la reutilizaci\u00f3n de envases vas a ser mejor visto que tu competencia al menos en un sector espec\u00edfico de la poblaci\u00f3n (los m\u00e1s j\u00f3venes y los que tengan una mayor instrucci\u00f3n formal (1)).<\/span><\/p>\n<p><span style=\"font-weight: 400;\">El <\/span><i><span style=\"font-weight: 400;\">exposure<\/span><\/i><span style=\"font-weight: 400;\"> positivo se traduce, en casi todos los casos, en un aumento de ventas y en una fidelizaci\u00f3n de los clientes por lo que reutilizar tus envases, pl\u00e1sticos o no, puede impulsar o acelerar el crecimiento de tu empresa.<\/span><\/p>\n<p><span style=\"font-weight: 400;\">La tercera opci\u00f3n es la <\/span><b>consolidaci\u00f3n como marca <\/b><b><i>ecofriendly<\/i><\/b><span style=\"font-weight: 400;\">. Optar por reutilizar envases, opci\u00f3n recomendada por los especialistas, es una oportunidad para el afianzamiento como una empresa verde, que son las que est\u00e1n recibiendo mayor financiamiento de la inversi\u00f3n extranjera.<\/span><\/p>\n<p><a id=\"modore\"><\/a>&nbsp;<\/p>\n<h3><span style=\"color: #008d8d;\"><b>Modo Re<\/b><\/span><\/h3>\n<p><b>En M\u00e9xico se producen m\u00e1s de 7 millones de toneladas de pl\u00e1stico al a\u00f1o<\/b><span style=\"font-weight: 400;\"> de los cuales <\/span><b>el 48 % es destinado a envases y embalajes que no son reciclados<\/b><span style=\"font-weight: 400;\"> y que contribuyen a los grandes da\u00f1os ambientales que estamos viviendo desde hace tiempo.<\/span><\/p>\n<p><span style=\"font-weight: 400;\">Ante esta situaci\u00f3n creamos<\/span><b> Modo Re. Una forma de reutilizar los envases a manera de <\/b><b><i>refill<\/i><\/b><b> que ya est\u00e1s produciendo<\/b><span style=\"font-weight: 400;\">. De esta forma, tu marca o tu empresa tienen la posibilidad de ofrecer sus productos de forma m\u00e1s consciente siguiendo la mejor alternativa, la reutilizaci\u00f3n.<\/span><\/p>\n<p><b>\u00danete a <\/b><a href=\"https:\/\/www.modore.com.mx\/faq.php\" target=\"_blank\" rel=\"noopener\"><b>Modo Re<\/b><\/a><span style=\"font-weight: 400;\">, la plataforma que va a permitirle a tus consumidores recuperar, reutilizar y rellenar envases para disminuir la contaminaci\u00f3n pl\u00e1stica en nuestro planeta.<\/span><\/p>\n<p>&nbsp;<\/p>\n<p><span style=\"color: #03aeff; font-size: 16pt;\"><b>Repiensa, recupera, reutiliza, rellena.<\/b><\/span><\/p>\n<p>&nbsp;<\/p>\n<h4><span style=\"color: #0001a9;\"><b>Referencias<\/b><\/span><\/h4>\n<ol>\n<li style=\"font-weight: 400;\" aria-level=\"1\"><span style=\"font-weight: 400;\">Silvia Gaznares. <\/span><a href=\"https:\/\/upcommons.upc.edu\/bitstream\/handle\/2117\/350119\/memoria.pdf?sequence=1&amp;isAllowed=y\" target=\"_blank\" rel=\"nofollow noopener noreferrer\"><span style=\"font-weight: 400;\">Estudio de nuevas alternativas de <\/span><i><span style=\"font-weight: 400;\">packaging <\/span><\/i><span style=\"font-weight: 400;\">sostenible para envases <\/span><i><span style=\"font-weight: 400;\">take away<\/span><\/i><\/a><span style=\"font-weight: 400;\">. Universidad Polit\u00e9cnica de Catalu\u00f1a, 2021. Consultado el 24 de abril de 2022.<\/span><\/li>\n<li style=\"font-weight: 400;\" aria-level=\"1\">Richard Gray. <a href=\"https:\/\/www.bbc.com\/mundo\/vert-cap-44881388#:~:text=Pero%20el%20Foro%20Econ%C3%B3mico%20Mundial,US%248.000%20millones%20al%20a%C3%B1o.\" target=\"_blank\" rel=\"nofollow noopener noreferrer\">Cu\u00e1nto costar\u00eda realmente dejar de usar envases de pl\u00e1stico<\/a>. BBC, 2018. Consultado el 25 de abril de 2022.<\/li>\n<\/ol>\n","protected":false},"excerpt":{"rendered":"<p>El packaging ecol\u00f3gico usa envases con una huella ambiental menor a la de los envases hechos de materiales tradicionales. Conoce Modo Re.<\/p>\n","protected":false},"author":1,"featured_media":139,"comment_status":"open","ping_status":"open","sticky":false,"template":"","format":"standard","meta":{"_genesis_hide_title":false,"_genesis_hide_breadcrumbs":false,"_genesis_hide_singular_image":false,"_genesis_hide_footer_widgets":false,"_genesis_custom_body_class":"","_genesis_custom_post_class":"","_genesis_layout":""},"categories":[72],"tags":[11,12,13,15,14],"yoast_head":"<!-- This site is optimized with the Yoast SEO plugin v19.6 - https:\/\/yoast.com\/wordpress\/plugins\/seo\/ -->\n<title>Packaging ecol\u00f3gico: \u00bfuna soluci\u00f3n? | Modo Re<\/title>\n<meta name=\"description\" content=\"El packaging ecol\u00f3gico usa envases con una huella ambiental menor a la de los envases hechos de materiales tradicionales. Conoce Modo Re.\" \/>\n<meta name=\"robots\" content=\"index, follow, max-snippet:-1, max-image-preview:large, max-video-preview:-1\" \/>\n<link rel=\"canonical\" href=\"https:\/\/www.modore.com.mx\/blog\/packaging-ecologico\/\" \/>\n<meta property=\"og:locale\" content=\"es_ES\" \/>\n<meta property=\"og:type\" content=\"article\" \/>\n<meta property=\"og:title\" content=\"Packaging ecol\u00f3gico: \u00bfuna soluci\u00f3n? | Modo Re\" \/>\n<meta property=\"og:description\" content=\"El packaging ecol\u00f3gico usa envases con una huella ambiental menor a la de los envases hechos de materiales tradicionales. Conoce Modo Re.\" \/>\n<meta property=\"og:url\" content=\"https:\/\/www.modore.com.mx\/blog\/packaging-ecologico\/\" \/>\n<meta property=\"og:site_name\" content=\"Blog Modo Re\" \/>\n<meta property=\"article:published_time\" content=\"2022-05-11T01:59:36+00:00\" \/>\n<meta property=\"article:modified_time\" content=\"2023-01-07T04:30:03+00:00\" \/>\n<meta property=\"og:image\" content=\"https:\/\/www.modore.com.mx\/blog\/wp-content\/uploads\/2022\/08\/packaging-ecologico-4.jpg\" \/>\n\t<meta property=\"og:image:width\" content=\"800\" \/>\n\t<meta property=\"og:image:height\" content=\"400\" \/>\n\t<meta property=\"og:image:type\" content=\"image\/jpeg\" \/>\n<meta name=\"author\" content=\"Modo Re\" \/>\n<meta name=\"twitter:card\" content=\"summary_large_image\" \/>\n<meta name=\"twitter:label1\" content=\"Escrito por\" \/>\n\t<meta name=\"twitter:data1\" content=\"Modo Re\" \/>\n\t<meta name=\"twitter:label2\" content=\"Tiempo de lectura\" \/>\n\t<meta name=\"twitter:data2\" content=\"14 minutos\" \/>\n<script type=\"application\/ld+json\" class=\"yoast-schema-graph\">{\"@context\":\"https:\/\/schema.org\",\"@graph\":[{\"@type\":\"Article\",\"@id\":\"https:\/\/www.modore.com.mx\/blog\/packaging-ecologico\/#article\",\"isPartOf\":{\"@id\":\"https:\/\/www.modore.com.mx\/blog\/packaging-ecologico\/\"},\"author\":{\"name\":\"Modo Re\",\"@id\":\"https:\/\/www.modore.com.mx\/blog\/#\/schema\/person\/02bd9a81bf8f8056fd16e41327cba460\"},\"headline\":\"Packaging ecol\u00f3gico: Una soluci\u00f3n falaz ante la problem\u00e1tica ambiental\",\"datePublished\":\"2022-05-11T01:59:36+00:00\",\"dateModified\":\"2023-01-07T04:30:03+00:00\",\"mainEntityOfPage\":{\"@id\":\"https:\/\/www.modore.com.mx\/blog\/packaging-ecologico\/\"},\"wordCount\":2662,\"commentCount\":0,\"publisher\":{\"@id\":\"https:\/\/www.modore.com.mx\/blog\/#organization\"},\"keywords\":[\"ecopackaging\",\"embalaje ecol\u00f3gico\",\"empaques ecofriendly\",\"packaging\",\"packaging sostenible\"],\"articleSection\":[\"Eco-innovaci\u00f3n\"],\"inLanguage\":\"es\",\"potentialAction\":[{\"@type\":\"CommentAction\",\"name\":\"Comment\",\"target\":[\"https:\/\/www.modore.com.mx\/blog\/packaging-ecologico\/#respond\"]}]},{\"@type\":\"WebPage\",\"@id\":\"https:\/\/www.modore.com.mx\/blog\/packaging-ecologico\/\",\"url\":\"https:\/\/www.modore.com.mx\/blog\/packaging-ecologico\/\",\"name\":\"Packaging ecol\u00f3gico: \u00bfuna soluci\u00f3n? | Modo Re\",\"isPartOf\":{\"@id\":\"https:\/\/www.modore.com.mx\/blog\/#website\"},\"datePublished\":\"2022-05-11T01:59:36+00:00\",\"dateModified\":\"2023-01-07T04:30:03+00:00\",\"description\":\"El packaging ecol\u00f3gico usa envases con una huella ambiental menor a la de los envases hechos de materiales tradicionales. Conoce Modo Re.\",\"breadcrumb\":{\"@id\":\"https:\/\/www.modore.com.mx\/blog\/packaging-ecologico\/#breadcrumb\"},\"inLanguage\":\"es\",\"potentialAction\":[{\"@type\":\"ReadAction\",\"target\":[\"https:\/\/www.modore.com.mx\/blog\/packaging-ecologico\/\"]}]},{\"@type\":\"BreadcrumbList\",\"@id\":\"https:\/\/www.modore.com.mx\/blog\/packaging-ecologico\/#breadcrumb\",\"itemListElement\":[{\"@type\":\"ListItem\",\"position\":1,\"name\":\"Home\",\"item\":\"https:\/\/www.modore.com.mx\/blog\/\"},{\"@type\":\"ListItem\",\"position\":2,\"name\":\"Packaging ecol\u00f3gico: Una soluci\u00f3n falaz ante la problem\u00e1tica ambiental\"}]},{\"@type\":\"WebSite\",\"@id\":\"https:\/\/www.modore.com.mx\/blog\/#website\",\"url\":\"https:\/\/www.modore.com.mx\/blog\/\",\"name\":\"Blog Modo Re\",\"description\":\"Just another WordPress site\",\"publisher\":{\"@id\":\"https:\/\/www.modore.com.mx\/blog\/#organization\"},\"potentialAction\":[{\"@type\":\"SearchAction\",\"target\":{\"@type\":\"EntryPoint\",\"urlTemplate\":\"https:\/\/www.modore.com.mx\/blog\/?s={search_term_string}\"},\"query-input\":\"required name=search_term_string\"}],\"inLanguage\":\"es\"},{\"@type\":\"Organization\",\"@id\":\"https:\/\/www.modore.com.mx\/blog\/#organization\",\"name\":\"Blog Modo Re\",\"url\":\"https:\/\/www.modore.com.mx\/blog\/\",\"sameAs\":[],\"logo\":{\"@type\":\"ImageObject\",\"inLanguage\":\"es\",\"@id\":\"https:\/\/www.modore.com.mx\/blog\/#\/schema\/logo\/image\/\",\"url\":\"https:\/\/www.modore.com.mx\/blog\/wp-content\/uploads\/2022\/08\/cropped-Logo.png\",\"contentUrl\":\"https:\/\/www.modore.com.mx\/blog\/wp-content\/uploads\/2022\/08\/cropped-Logo.png\",\"width\":411,\"height\":276,\"caption\":\"Blog Modo Re\"},\"image\":{\"@id\":\"https:\/\/www.modore.com.mx\/blog\/#\/schema\/logo\/image\/\"}},{\"@type\":\"Person\",\"@id\":\"https:\/\/www.modore.com.mx\/blog\/#\/schema\/person\/02bd9a81bf8f8056fd16e41327cba460\",\"name\":\"Modo Re\",\"image\":{\"@type\":\"ImageObject\",\"inLanguage\":\"es\",\"@id\":\"https:\/\/www.modore.com.mx\/blog\/#\/schema\/person\/image\/\",\"url\":\"https:\/\/secure.gravatar.com\/avatar\/688ccde44a2f57451db438b5ad60ef52?s=96&d=mm&r=g\",\"contentUrl\":\"https:\/\/secure.gravatar.com\/avatar\/688ccde44a2f57451db438b5ad60ef52?s=96&d=mm&r=g\",\"caption\":\"Modo Re\"},\"sameAs\":[\"https:\/\/www.modore.com.mx\/blog\"],\"url\":\"https:\/\/www.modore.com.mx\/blog\/author\/admin\/\"}]}<\/script>\n<!-- \/ Yoast SEO plugin. -->","yoast_head_json":{"title":"Packaging ecol\u00f3gico: \u00bfuna soluci\u00f3n? | Modo Re","description":"El packaging ecol\u00f3gico usa envases con una huella ambiental menor a la de los envases hechos de materiales tradicionales. Conoce Modo Re.","robots":{"index":"index","follow":"follow","max-snippet":"max-snippet:-1","max-image-preview":"max-image-preview:large","max-video-preview":"max-video-preview:-1"},"canonical":"https:\/\/www.modore.com.mx\/blog\/packaging-ecologico\/","og_locale":"es_ES","og_type":"article","og_title":"Packaging ecol\u00f3gico: \u00bfuna soluci\u00f3n? | Modo Re","og_description":"El packaging ecol\u00f3gico usa envases con una huella ambiental menor a la de los envases hechos de materiales tradicionales. Conoce Modo Re.","og_url":"https:\/\/www.modore.com.mx\/blog\/packaging-ecologico\/","og_site_name":"Blog Modo Re","article_published_time":"2022-05-11T01:59:36+00:00","article_modified_time":"2023-01-07T04:30:03+00:00","og_image":[{"width":800,"height":400,"url":"https:\/\/www.modore.com.mx\/blog\/wp-content\/uploads\/2022\/08\/packaging-ecologico-4.jpg","type":"image\/jpeg"}],"author":"Modo Re","twitter_card":"summary_large_image","twitter_misc":{"Escrito por":"Modo Re","Tiempo de lectura":"14 minutos"},"schema":{"@context":"https:\/\/schema.org","@graph":[{"@type":"Article","@id":"https:\/\/www.modore.com.mx\/blog\/packaging-ecologico\/#article","isPartOf":{"@id":"https:\/\/www.modore.com.mx\/blog\/packaging-ecologico\/"},"author":{"name":"Modo Re","@id":"https:\/\/www.modore.com.mx\/blog\/#\/schema\/person\/02bd9a81bf8f8056fd16e41327cba460"},"headline":"Packaging ecol\u00f3gico: Una soluci\u00f3n falaz ante la problem\u00e1tica ambiental","datePublished":"2022-05-11T01:59:36+00:00","dateModified":"2023-01-07T04:30:03+00:00","mainEntityOfPage":{"@id":"https:\/\/www.modore.com.mx\/blog\/packaging-ecologico\/"},"wordCount":2662,"commentCount":0,"publisher":{"@id":"https:\/\/www.modore.com.mx\/blog\/#organization"},"keywords":["ecopackaging","embalaje ecol\u00f3gico","empaques ecofriendly","packaging","packaging sostenible"],"articleSection":["Eco-innovaci\u00f3n"],"inLanguage":"es","potentialAction":[{"@type":"CommentAction","name":"Comment","target":["https:\/\/www.modore.com.mx\/blog\/packaging-ecologico\/#respond"]}]},{"@type":"WebPage","@id":"https:\/\/www.modore.com.mx\/blog\/packaging-ecologico\/","url":"https:\/\/www.modore.com.mx\/blog\/packaging-ecologico\/","name":"Packaging ecol\u00f3gico: \u00bfuna soluci\u00f3n? | Modo Re","isPartOf":{"@id":"https:\/\/www.modore.com.mx\/blog\/#website"},"datePublished":"2022-05-11T01:59:36+00:00","dateModified":"2023-01-07T04:30:03+00:00","description":"El packaging ecol\u00f3gico usa envases con una huella ambiental menor a la de los envases hechos de materiales tradicionales. Conoce Modo Re.","breadcrumb":{"@id":"https:\/\/www.modore.com.mx\/blog\/packaging-ecologico\/#breadcrumb"},"inLanguage":"es","potentialAction":[{"@type":"ReadAction","target":["https:\/\/www.modore.com.mx\/blog\/packaging-ecologico\/"]}]},{"@type":"BreadcrumbList","@id":"https:\/\/www.modore.com.mx\/blog\/packaging-ecologico\/#breadcrumb","itemListElement":[{"@type":"ListItem","position":1,"name":"Home","item":"https:\/\/www.modore.com.mx\/blog\/"},{"@type":"ListItem","position":2,"name":"Packaging ecol\u00f3gico: Una soluci\u00f3n falaz ante la problem\u00e1tica ambiental"}]},{"@type":"WebSite","@id":"https:\/\/www.modore.com.mx\/blog\/#website","url":"https:\/\/www.modore.com.mx\/blog\/","name":"Blog Modo Re","description":"Just another WordPress site","publisher":{"@id":"https:\/\/www.modore.com.mx\/blog\/#organization"},"potentialAction":[{"@type":"SearchAction","target":{"@type":"EntryPoint","urlTemplate":"https:\/\/www.modore.com.mx\/blog\/?s={search_term_string}"},"query-input":"required name=search_term_string"}],"inLanguage":"es"},{"@type":"Organization","@id":"https:\/\/www.modore.com.mx\/blog\/#organization","name":"Blog Modo Re","url":"https:\/\/www.modore.com.mx\/blog\/","sameAs":[],"logo":{"@type":"ImageObject","inLanguage":"es","@id":"https:\/\/www.modore.com.mx\/blog\/#\/schema\/logo\/image\/","url":"https:\/\/www.modore.com.mx\/blog\/wp-content\/uploads\/2022\/08\/cropped-Logo.png","contentUrl":"https:\/\/www.modore.com.mx\/blog\/wp-content\/uploads\/2022\/08\/cropped-Logo.png","width":411,"height":276,"caption":"Blog Modo Re"},"image":{"@id":"https:\/\/www.modore.com.mx\/blog\/#\/schema\/logo\/image\/"}},{"@type":"Person","@id":"https:\/\/www.modore.com.mx\/blog\/#\/schema\/person\/02bd9a81bf8f8056fd16e41327cba460","name":"Modo Re","image":{"@type":"ImageObject","inLanguage":"es","@id":"https:\/\/www.modore.com.mx\/blog\/#\/schema\/person\/image\/","url":"https:\/\/secure.gravatar.com\/avatar\/688ccde44a2f57451db438b5ad60ef52?s=96&d=mm&r=g","contentUrl":"https:\/\/secure.gravatar.com\/avatar\/688ccde44a2f57451db438b5ad60ef52?s=96&d=mm&r=g","caption":"Modo Re"},"sameAs":["https:\/\/www.modore.com.mx\/blog"],"url":"https:\/\/www.modore.com.mx\/blog\/author\/admin\/"}]}},"_links":{"self":[{"href":"https:\/\/www.modore.com.mx\/blog\/wp-json\/wp\/v2\/posts\/135"}],"collection":[{"href":"https:\/\/www.modore.com.mx\/blog\/wp-json\/wp\/v2\/posts"}],"about":[{"href":"https:\/\/www.modore.com.mx\/blog\/wp-json\/wp\/v2\/types\/post"}],"author":[{"embeddable":true,"href":"https:\/\/www.modore.com.mx\/blog\/wp-json\/wp\/v2\/users\/1"}],"replies":[{"embeddable":true,"href":"https:\/\/www.modore.com.mx\/blog\/wp-json\/wp\/v2\/comments?post=135"}],"version-history":[{"count":7,"href":"https:\/\/www.modore.com.mx\/blog\/wp-json\/wp\/v2\/posts\/135\/revisions"}],"predecessor-version":[{"id":146,"href":"https:\/\/www.modore.com.mx\/blog\/wp-json\/wp\/v2\/posts\/135\/revisions\/146"}],"wp:featuredmedia":[{"embeddable":true,"href":"https:\/\/www.modore.com.mx\/blog\/wp-json\/wp\/v2\/media\/139"}],"wp:attachment":[{"href":"https:\/\/www.modore.com.mx\/blog\/wp-json\/wp\/v2\/media?parent=135"}],"wp:term":[{"taxonomy":"category","embeddable":true,"href":"https:\/\/www.modore.com.mx\/blog\/wp-json\/wp\/v2\/categories?post=135"},{"taxonomy":"post_tag","embeddable":true,"href":"https:\/\/www.modore.com.mx\/blog\/wp-json\/wp\/v2\/tags?post=135"}],"curies":[{"name":"wp","href":"https:\/\/api.w.org\/{rel}","templated":true}]}}